{"id":215,"date":"2016-09-17T00:00:04","date_gmt":"2016-09-17T03:00:04","guid":{"rendered":"http:\/\/eventos.ifg.edu.br\/semanai2c\/?p=215"},"modified":"2016-09-15T01:40:16","modified_gmt":"2016-09-15T04:40:16","slug":"campeonato-de-programacao","status":"publish","type":"post","link":"https:\/\/eventos.ifg.edu.br\/semanai2c\/2016\/09\/17\/campeonato-de-programacao\/","title":{"rendered":"Campeonato de programa\u00e7\u00e3o"},"content":{"rendered":"<p>Aten\u00e7\u00e3o! Em breve o regulamento para o campeonato de programa\u00e7\u00e3o ser\u00e1 divulgado!<\/p>\n","protected":false},"excerpt":{"rendered":"<p>Aten\u00e7\u00e3o! Em breve o regulamento para o campeonato de programa\u00e7\u00e3o ser\u00e1 divulgado!<\/p>\n","protected":false},"author":20,"featured_media":0,"comment_status":"open","ping_status":"open","sticky":false,"template":"","format":"standard","meta":{"ngg_post_thumbnail":0,"footnotes":""},"categories":[1],"tags":[],"class_list":["post-215","post","type-post","status-publish","format-standard","hentry","category-sem-categoria"],"_links":{"self":[{"href":"https:\/\/eventos.ifg.edu.br\/semanai2c\/wp-json\/wp\/v2\/posts\/215"}],"collection":[{"href":"https:\/\/eventos.ifg.edu.br\/semanai2c\/wp-json\/wp\/v2\/posts"}],"about":[{"href":"https:\/\/eventos.ifg.edu.br\/semanai2c\/wp-json\/wp\/v2\/types\/post"}],"author":[{"embeddable":true,"href":"https:\/\/eventos.ifg.edu.br\/semanai2c\/wp-json\/wp\/v2\/users\/20"}],"replies":[{"embeddable":true,"href":"https:\/\/eventos.ifg.edu.br\/semanai2c\/wp-json\/wp\/v2\/comments?post=215"}],"version-history":[{"count":1,"href":"https:\/\/eventos.ifg.edu.br\/semanai2c\/wp-json\/wp\/v2\/posts\/215\/revisions"}],"predecessor-version":[{"id":216,"href":"https:\/\/eventos.ifg.edu.br\/semanai2c\/wp-json\/wp\/v2\/posts\/215\/revisions\/216"}],"wp:attachment":[{"href":"https:\/\/eventos.ifg.edu.br\/semanai2c\/wp-json\/wp\/v2\/media?parent=215"}],"wp:term":[{"taxonomy":"category","embeddable":true,"href":"https:\/\/eventos.ifg.edu.br\/semanai2c\/wp-json\/wp\/v2\/categories?post=215"},{"taxonomy":"post_tag","embeddable":true,"href":"https:\/\/eventos.ifg.edu.br\/semanai2c\/wp-json\/wp\/v2\/tags?post=215"}],"curies":[{"name":"wp","href":"https:\/\/api.w.org\/{rel}","templated":true}]}}