{"id":169,"date":"2016-09-12T23:49:07","date_gmt":"2016-09-13T02:49:07","guid":{"rendered":"http:\/\/eventos.ifg.edu.br\/semanai2c\/?p=169"},"modified":"2016-09-12T23:51:48","modified_gmt":"2016-09-13T02:51:48","slug":"programacao-quase-pronta","status":"publish","type":"post","link":"https:\/\/eventos.ifg.edu.br\/semanai2c\/2016\/09\/12\/programacao-quase-pronta\/","title":{"rendered":"Programa\u00e7\u00e3o quase pronta!!"},"content":{"rendered":"<p>A programa\u00e7\u00e3o da I2C est\u00e1 no forno e ser\u00e1 bastante variada: ser\u00e3o palestras e minicursos nas mais diversas \u00e1reas de conhecimento da computa\u00e7\u00e3o:\u00a0Bioinform\u00e1tica, Rob\u00f3tica, Programa\u00e7\u00e3o M\u00f3vel, Latex, dentre outros atrativos est\u00e3o sendo preparados pela equipe organizadora que abarcar\u00e3o tanto o p\u00fablico especializado da computa\u00e7\u00e3o e comunidade em geral tamb\u00e9m: \u00e9 uma programa\u00e7\u00e3o diversificada para todos os p\u00fablicos.<\/p>\n<p>Isso tudo sem falar na Mesa Redonda de abertura, que tratar\u00e1 sobre o mercado da \u00e1rea em Urua\u00e7u e regi\u00e3o.\u00a0Al\u00e9m disso, o evento ser\u00e1 encerrado com um grande campeonato de programa\u00e7\u00e3o, que ocorrer\u00e1 no s\u00e1bado incluindo atra\u00e7\u00f5es art\u00edsticas de bandas locais no encerramento!<\/p>\n<p>&nbsp;<\/p>\n<p>Venha participar!<\/p>\n","protected":false},"excerpt":{"rendered":"<p>A programa\u00e7\u00e3o da I2C est\u00e1 no forno e ser\u00e1 bastante variada: ser\u00e3o palestras e minicursos nas mais diversas \u00e1reas de conhecimento da computa\u00e7\u00e3o:\u00a0Bioinform\u00e1tica, Rob\u00f3tica, Programa\u00e7\u00e3o M\u00f3vel, Latex, dentre outros atrativos est\u00e3o sendo preparados pela equipe organizadora que abarcar\u00e3o tanto o p\u00fablico especializado da computa\u00e7\u00e3o e comunidade em geral tamb\u00e9m: \u00e9 uma programa\u00e7\u00e3o diversificada para todos <a class=\"more-link\" href=\"https:\/\/eventos.ifg.edu.br\/semanai2c\/2016\/09\/12\/programacao-quase-pronta\/\">&hellip; Continue lendo&hellip; &rarr;<\/a><\/p>\n","protected":false},"author":20,"featured_media":0,"comment_status":"open","ping_status":"open","sticky":false,"template":"","format":"standard","meta":{"ngg_post_thumbnail":0,"footnotes":""},"categories":[1],"tags":[],"class_list":["post-169","post","type-post","status-publish","format-standard","hentry","category-sem-categoria"],"_links":{"self":[{"href":"https:\/\/eventos.ifg.edu.br\/semanai2c\/wp-json\/wp\/v2\/posts\/169"}],"collection":[{"href":"https:\/\/eventos.ifg.edu.br\/semanai2c\/wp-json\/wp\/v2\/posts"}],"about":[{"href":"https:\/\/eventos.ifg.edu.br\/semanai2c\/wp-json\/wp\/v2\/types\/post"}],"author":[{"embeddable":true,"href":"https:\/\/eventos.ifg.edu.br\/semanai2c\/wp-json\/wp\/v2\/users\/20"}],"replies":[{"embeddable":true,"href":"https:\/\/eventos.ifg.edu.br\/semanai2c\/wp-json\/wp\/v2\/comments?post=169"}],"version-history":[{"count":4,"href":"https:\/\/eventos.ifg.edu.br\/semanai2c\/wp-json\/wp\/v2\/posts\/169\/revisions"}],"predecessor-version":[{"id":173,"href":"https:\/\/eventos.ifg.edu.br\/semanai2c\/wp-json\/wp\/v2\/posts\/169\/revisions\/173"}],"wp:attachment":[{"href":"https:\/\/eventos.ifg.edu.br\/semanai2c\/wp-json\/wp\/v2\/media?parent=169"}],"wp:term":[{"taxonomy":"category","embeddable":true,"href":"https:\/\/eventos.ifg.edu.br\/semanai2c\/wp-json\/wp\/v2\/categories?post=169"},{"taxonomy":"post_tag","embeddable":true,"href":"https:\/\/eventos.ifg.edu.br\/semanai2c\/wp-json\/wp\/v2\/tags?post=169"}],"curies":[{"name":"wp","href":"https:\/\/api.w.org\/{rel}","templated":true}]}}