{"id":390,"date":"2017-10-29T11:26:00","date_gmt":"2017-10-29T13:26:00","guid":{"rendered":"http:\/\/eventos.ifg.edu.br\/festival2017\/?p=390"},"modified":"2017-10-29T11:26:00","modified_gmt":"2017-10-29T13:26:00","slug":"cia-fusion-de-danca-apresentara-o-espetaculo-pai-contra-mae-no-xiv-festival-de-artes-de-goias","status":"publish","type":"post","link":"https:\/\/eventos.ifg.edu.br\/festival2017\/cia-fusion-de-danca-apresentara-o-espetaculo-pai-contra-mae-no-xiv-festival-de-artes-de-goias\/","title":{"rendered":"Cia Fusion de Dan\u00e7a apresentar\u00e1 o espet\u00e1culo Pai Contra M\u00e3e no XIV Festival de Artes de Goi\u00e1s"},"content":{"rendered":"<div id=\"navigation\" class=\"span3\">\n<section id=\"navigation-section\">\n<nav class=\"menu-de-apoio span9\">Espet\u00e1culo \u00e9 inspirado no conto hom\u00f4nimo do escritor Machado de Assis e ser\u00e1 apresentado em 8 de novembro<\/p>\n<\/nav>\n<\/section>\n<\/div>\n<div id=\"content\" class=\"span9 internas\">\n<section id=\"content-section\">\n<div class=\"row-fluid\">\n<div class=\"item-page\">\n<div class=\"direct-image direct-image-horz\">\n<div class=\"image-box\"><img decoding=\"async\" class=\"img-polaroid img-fulltext-left \" title=\"\" src=\"http:\/\/ifg.edu.br\/images\/imagens\/Ciafusion.jpg\" alt=\"Espet\u00e1culo Pai contra M\u00e3e ser\u00e1 apresentado no Teatro do IFG (C\u00e2mpus Itumbiara) no dia 8 de novembro\" \/><\/p>\n<div class=\"image-alt\">Espet\u00e1culo Pai contra M\u00e3e ser\u00e1 apresentado no Teatro do IFG (C\u00e2mpus Itumbiara) no dia 8 de novembro<\/div>\n<\/div>\n<\/div>\n<p>&nbsp;<\/p>\n<p>Sete corpos dan\u00e7antes trar\u00e3o ao palco do XIV Festival de Artes de Goi\u00e1s, que ser\u00e1 realizado de 7 a 10 de novembro em Itumbiara, os desafios de ser negro e de ser mulher em uma sociedade ainda desigual e opressora. A tem\u00e1tica estar\u00e1 presente no espet\u00e1culo\u00a0<em>Pai contra M\u00e3e<\/em>\u00a0que ser\u00e1 apresentado no Teatro do IFG (C\u00e2mpus Itumbiara) no dia 8 de novembro, \u00e0s 20h.<\/p>\n<p>Inspirado no conto hom\u00f4nimo de Machado de Assis, Pai Contra M\u00e3e busca, por meio da linguagem das dan\u00e7as urbanas, tematizar e promover reflex\u00e3o acerca de quest\u00f5es que perpassam nossa mem\u00f3ria, desde o tempo da escravid\u00e3o, e nosso presente, com o racismo, a viol\u00eancia, o sexismo, a \u00e2nsia por poder e a vaidade humana.<br \/>\nDuas situa\u00e7\u00f5es conflitantes conduzem o enredo do espet\u00e1culo. De um lado, uma escrava gr\u00e1vida foge de seu senhorio com o sonho de ver o filho livre \u2013 uma vez que o fruto de seu ventre tamb\u00e9m estava condenado \u00e0 escravid\u00e3o; de outro, um homem livre da senzala descobre que vai ser pai, mas, devido \u00e0s suas condi\u00e7\u00f5es prec\u00e1rias de vida \u2013 como a pobreza e a fome \u2013, v\u00ea na captura da escrava fugitiva a chance de dar um futuro ao filho, devido \u00e0 recompensa que lhe seria dada.<\/p>\n<p>O espet\u00e1culo \u00e9 da Cia Fusion de Dan\u00e7a, de Belo Horizonte, e j\u00e1 foi apresentado em grandes palcos e eventos brasileiros. Por meio da dan\u00e7a, a Cia Fusion busca a aproxima\u00e7\u00e3o da cultura de rua \u2013 que at\u00e9 hoje \u00e9 alvo de preconceitos \u2013 \u00e0s outras manifesta\u00e7\u00f5es da arte.<\/p>\n<p><strong>Festival de Artes<\/strong><br \/>\nA 14\u00aa edi\u00e7\u00e3o do Festival de Artes de Goi\u00e1s, realizado pelo Instituto Federal de Goi\u00e1s, ter\u00e1 programa\u00e7\u00e3o diversificada. Est\u00e3o previstas mais de 100 atra\u00e7\u00f5es e apresenta\u00e7\u00f5es de v\u00e1rios c\u00e2mpus do IFG, de outros institutos federais e universidades, al\u00e9m de instala\u00e7\u00f5es e performances nas \u00e1reas de dan\u00e7a, teatro, artes visuais, cinema, fotografia e outros. Al\u00e9m de oficinas e apresenta\u00e7\u00f5es art\u00edsticas, haver\u00e1 espa\u00e7o para apresenta\u00e7\u00e3o de trabalhos.<br \/>\nCom o tema \u201cP\u00f4!\u00e9tica\u201d, definido pela Comiss\u00e3o Executiva do Festival, o evento volta-se ao di\u00e1logo, ao debate e \u00e0s reflex\u00f5es sobre as circunst\u00e2ncias atuais que envolvem a pol\u00edtica, a educa\u00e7\u00e3o, a sociedade, a \u00e9tica, a escola entre outros.<\/p>\n<p><a href=\"http:\/\/eventos.ifg.edu.br\/festival2017\/wp-content\/uploads\/sites\/10\/2017\/10\/XIV-Festival-de-Artes-de-Goi%C3%A1s-7-a-11.11.17-PROGRAMA%C3%87%C3%83O-por-dia-e-espa%C3%A7os.pdf\" rel=\"alternate\">Confira a programa\u00e7\u00e3o preliminar do Festival (sujeita a altera\u00e7\u00f5es)\u00a0<\/a><\/p>\n<p><strong>Servi\u00e7o<\/strong><br \/>\n<em>Espet\u00e1culo Pai Contra M\u00e3e &#8211; Cia Fusion de Dan\u00e7a<\/em><br \/>\n<strong>XIV Festival de Artes de Goi\u00e1s<\/strong><br \/>\n<strong>Data:<\/strong>\u00a08 de novembro, quarta-feira<br \/>\n<strong>Hor\u00e1rio:<\/strong>\u00a020 horas<br \/>\n<strong>Local:<\/strong>\u00a0Teatro do IFG<br \/>\n(C\u00e2mpus Itumbiara &#8211; Avenida Furnas, n\u00ba 55, Village Imperial)<br \/>\nFotografias: Pablo Bernardes<\/p>\n<\/div>\n<p>Fonte:\u00a0<em>Diretoria de Comunica\u00e7\u00e3o Social\/Reitoria.\u00a0<\/em><\/p>\n<\/div>\n<\/section>\n<\/div>\n","protected":false},"excerpt":{"rendered":"<p>Espet\u00e1culo \u00e9 inspirado no conto hom\u00f4nimo do escritor Machado de Assis e ser\u00e1 apresentado em 8 de novembro Espet\u00e1culo Pai contra M\u00e3e ser\u00e1 apresentado no Teatro do IFG (C\u00e2mpus Itumbiara) no dia 8 de novembro &nbsp; Sete corpos dan\u00e7antes trar\u00e3o <a class=\"more-link\" href=\"https:\/\/eventos.ifg.edu.br\/festival2017\/cia-fusion-de-danca-apresentara-o-espetaculo-pai-contra-mae-no-xiv-festival-de-artes-de-goias\/\">Leia mais&#8230; &raquo;<\/a><\/p>\n","protected":false},"author":68,"featured_media":391,"comment_status":"open","ping_status":"open","sticky":false,"template":"","format":"image","meta":{"ngg_post_thumbnail":0,"footnotes":""},"categories":[1],"tags":[9,35,13,12,16,22,30,8,39,14,10,38,6,18],"class_list":["post-390","post","type-post","status-publish","format-image","has-post-thumbnail","hentry","category-sem-categoria","tag-artes","tag-artes-integradas","tag-artes-visuais","tag-danca","tag-encontro","tag-espetaculo","tag-evento","tag-festival","tag-formacao","tag-fotografia","tag-goias","tag-interartes","tag-peca","tag-professores","post_format-post-format-image"],"_links":{"self":[{"href":"https:\/\/eventos.ifg.edu.br\/festival2017\/wp-json\/wp\/v2\/posts\/390"}],"collection":[{"href":"https:\/\/eventos.ifg.edu.br\/festival2017\/wp-json\/wp\/v2\/posts"}],"about":[{"href":"https:\/\/eventos.ifg.edu.br\/festival2017\/wp-json\/wp\/v2\/types\/post"}],"author":[{"embeddable":true,"href":"https:\/\/eventos.ifg.edu.br\/festival2017\/wp-json\/wp\/v2\/users\/68"}],"replies":[{"embeddable":true,"href":"https:\/\/eventos.ifg.edu.br\/festival2017\/wp-json\/wp\/v2\/comments?post=390"}],"version-history":[{"count":1,"href":"https:\/\/eventos.ifg.edu.br\/festival2017\/wp-json\/wp\/v2\/posts\/390\/revisions"}],"predecessor-version":[{"id":392,"href":"https:\/\/eventos.ifg.edu.br\/festival2017\/wp-json\/wp\/v2\/posts\/390\/revisions\/392"}],"wp:featuredmedia":[{"embeddable":true,"href":"https:\/\/eventos.ifg.edu.br\/festival2017\/wp-json\/wp\/v2\/media\/391"}],"wp:attachment":[{"href":"https:\/\/eventos.ifg.edu.br\/festival2017\/wp-json\/wp\/v2\/media?parent=390"}],"wp:term":[{"taxonomy":"category","embeddable":true,"href":"https:\/\/eventos.ifg.edu.br\/festival2017\/wp-json\/wp\/v2\/categories?post=390"},{"taxonomy":"post_tag","embeddable":true,"href":"https:\/\/eventos.ifg.edu.br\/festival2017\/wp-json\/wp\/v2\/tags?post=390"}],"curies":[{"name":"wp","href":"https:\/\/api.w.org\/{rel}","templated":true}]}}