{"id":38,"date":"2018-07-20T19:16:06","date_gmt":"2018-07-20T22:16:06","guid":{"rendered":"http:\/\/eventos.ifg.edu.br\/encontropsicologosifs\/?p=38"},"modified":"2018-10-03T12:03:40","modified_gmt":"2018-10-03T15:03:40","slug":"em-breve-maiores-informacoes-sobre-o-evento-aguardem","status":"publish","type":"post","link":"https:\/\/eventos.ifg.edu.br\/encontropsicologosifs\/2018\/07\/20\/em-breve-maiores-informacoes-sobre-o-evento-aguardem\/","title":{"rendered":"Em breve maiores informa\u00e7\u00f5es sobre o evento. Aguardem!"},"content":{"rendered":"<p><strong>Nos pr\u00f3ximos dias divulgaremos a programa\u00e7\u00e3o, o per\u00edodo e o link para inscri\u00e7\u00f5es e demais informa\u00e7\u00f5es sobre o evento.<\/strong><\/p>\n<p>Vamos fazer desse momento um super evento!<\/p>\n","protected":false},"excerpt":{"rendered":"<p>Nos pr\u00f3ximos dias divulgaremos a programa\u00e7\u00e3o, o per\u00edodo e o link para inscri\u00e7\u00f5es e demais informa\u00e7\u00f5es sobre o evento. Vamos fazer desse momento um super evento!<\/p>\n","protected":false},"author":89,"featured_media":0,"comment_status":"open","ping_status":"open","sticky":false,"template":"","format":"standard","meta":{"ngg_post_thumbnail":0,"footnotes":""},"categories":[1],"tags":[],"class_list":["post-38","post","type-post","status-publish","format-standard","hentry","category-sem-categoria"],"_links":{"self":[{"href":"https:\/\/eventos.ifg.edu.br\/encontropsicologosifs\/wp-json\/wp\/v2\/posts\/38"}],"collection":[{"href":"https:\/\/eventos.ifg.edu.br\/encontropsicologosifs\/wp-json\/wp\/v2\/posts"}],"about":[{"href":"https:\/\/eventos.ifg.edu.br\/encontropsicologosifs\/wp-json\/wp\/v2\/types\/post"}],"author":[{"embeddable":true,"href":"https:\/\/eventos.ifg.edu.br\/encontropsicologosifs\/wp-json\/wp\/v2\/users\/89"}],"replies":[{"embeddable":true,"href":"https:\/\/eventos.ifg.edu.br\/encontropsicologosifs\/wp-json\/wp\/v2\/comments?post=38"}],"version-history":[{"count":4,"href":"https:\/\/eventos.ifg.edu.br\/encontropsicologosifs\/wp-json\/wp\/v2\/posts\/38\/revisions"}],"predecessor-version":[{"id":229,"href":"https:\/\/eventos.ifg.edu.br\/encontropsicologosifs\/wp-json\/wp\/v2\/posts\/38\/revisions\/229"}],"wp:attachment":[{"href":"https:\/\/eventos.ifg.edu.br\/encontropsicologosifs\/wp-json\/wp\/v2\/media?parent=38"}],"wp:term":[{"taxonomy":"category","embeddable":true,"href":"https:\/\/eventos.ifg.edu.br\/encontropsicologosifs\/wp-json\/wp\/v2\/categories?post=38"},{"taxonomy":"post_tag","embeddable":true,"href":"https:\/\/eventos.ifg.edu.br\/encontropsicologosifs\/wp-json\/wp\/v2\/tags?post=38"}],"curies":[{"name":"wp","href":"https:\/\/api.w.org\/{rel}","templated":true}]}}