{"id":218,"date":"2018-10-02T12:06:04","date_gmt":"2018-10-02T15:06:04","guid":{"rendered":"http:\/\/eventos.ifg.edu.br\/encontropsicologosifs\/?p=218"},"modified":"2018-10-03T12:04:30","modified_gmt":"2018-10-03T15:04:30","slug":"programacao-e-trabalhos-aprovados-sao-divulgados-2","status":"publish","type":"post","link":"https:\/\/eventos.ifg.edu.br\/encontropsicologosifs\/2018\/10\/02\/programacao-e-trabalhos-aprovados-sao-divulgados-2\/","title":{"rendered":"PROGRAMA\u00c7\u00c3O E TRABALHOS APROVADOS S\u00c3O DIVULGADOS"},"content":{"rendered":"<p>J\u00e1 est\u00e1 dispon\u00edvel em nosso site a Programa\u00e7\u00e3o Completa e a Programa\u00e7\u00e3o dos Trabalhos que ser\u00e3o apresentados.<\/p>\n<p><strong>PROGRAMA\u00c7\u00c3O &#8211;&nbsp;<a href=\"http:\/\/eventos.ifg.edu.br\/encontropsicologosifs\/programacao\/\">CLIQUE AQUI!<\/a><\/strong><\/p>\n<p><strong>TRABALHOS APROVADOS &#8211;&nbsp;<a href=\"http:\/\/eventos.ifg.edu.br\/encontropsicologosifs\/submissao-de-trabalhos\/trabalhos-aprovados\/\">CLIQUE AQUI!<\/a><\/strong><\/p>\n<p>Em caso de d\u00favidas, entrem em contato conosco pelo e-mail do evento&nbsp;<strong>encontrodepsicologia@ifg.edu.br<\/strong><\/p>\n<p>Esse encontro ser\u00e1 tudo de bom, n\u00e9 amores?!<\/p>\n<p>Esperamos voc\u00eas!!!!<\/p>\n","protected":false},"excerpt":{"rendered":"<p>J\u00e1 est\u00e1 dispon\u00edvel em nosso site a Programa\u00e7\u00e3o Completa e a Programa\u00e7\u00e3o dos Trabalhos que ser\u00e3o apresentados. PROGRAMA\u00c7\u00c3O &#8211;&nbsp;CLIQUE AQUI! TRABALHOS APROVADOS &#8211;&nbsp;CLIQUE AQUI! Em caso de d\u00favidas, entrem em contato conosco pelo e-mail do evento&nbsp;encontrodepsicologia@ifg.edu.br Esse encontro ser\u00e1 tudo de bom, n\u00e9 amores?! Esperamos voc\u00eas!!!!<\/p>\n","protected":false},"author":89,"featured_media":162,"comment_status":"open","ping_status":"open","sticky":false,"template":"","format":"standard","meta":{"ngg_post_thumbnail":0,"footnotes":""},"categories":[1],"tags":[4,3,5],"class_list":["post-218","post","type-post","status-publish","format-standard","has-post-thumbnail","hentry","category-sem-categoria","tag-iii-encontro","tag-programacao","tag-trabalhos-aprovados"],"_links":{"self":[{"href":"https:\/\/eventos.ifg.edu.br\/encontropsicologosifs\/wp-json\/wp\/v2\/posts\/218"}],"collection":[{"href":"https:\/\/eventos.ifg.edu.br\/encontropsicologosifs\/wp-json\/wp\/v2\/posts"}],"about":[{"href":"https:\/\/eventos.ifg.edu.br\/encontropsicologosifs\/wp-json\/wp\/v2\/types\/post"}],"author":[{"embeddable":true,"href":"https:\/\/eventos.ifg.edu.br\/encontropsicologosifs\/wp-json\/wp\/v2\/users\/89"}],"replies":[{"embeddable":true,"href":"https:\/\/eventos.ifg.edu.br\/encontropsicologosifs\/wp-json\/wp\/v2\/comments?post=218"}],"version-history":[{"count":2,"href":"https:\/\/eventos.ifg.edu.br\/encontropsicologosifs\/wp-json\/wp\/v2\/posts\/218\/revisions"}],"predecessor-version":[{"id":227,"href":"https:\/\/eventos.ifg.edu.br\/encontropsicologosifs\/wp-json\/wp\/v2\/posts\/218\/revisions\/227"}],"wp:featuredmedia":[{"embeddable":true,"href":"https:\/\/eventos.ifg.edu.br\/encontropsicologosifs\/wp-json\/wp\/v2\/media\/162"}],"wp:attachment":[{"href":"https:\/\/eventos.ifg.edu.br\/encontropsicologosifs\/wp-json\/wp\/v2\/media?parent=218"}],"wp:term":[{"taxonomy":"category","embeddable":true,"href":"https:\/\/eventos.ifg.edu.br\/encontropsicologosifs\/wp-json\/wp\/v2\/categories?post=218"},{"taxonomy":"post_tag","embeddable":true,"href":"https:\/\/eventos.ifg.edu.br\/encontropsicologosifs\/wp-json\/wp\/v2\/tags?post=218"}],"curies":[{"name":"wp","href":"https:\/\/api.w.org\/{rel}","templated":true}]}}