{"id":203,"date":"2016-08-14T01:44:53","date_gmt":"2016-08-14T04:44:53","guid":{"rendered":"http:\/\/eventos.ifg.edu.br\/diainfo2016\/?p=203"},"modified":"2016-08-14T01:44:53","modified_gmt":"2016-08-14T04:44:53","slug":"dia-da-informatica-2016-do-ifg-campus-luziania-registra-mais-de-400-participantes-em-suas-inscricoes","status":"publish","type":"post","link":"https:\/\/eventos.ifg.edu.br\/diainfo2016\/2016\/08\/14\/dia-da-informatica-2016-do-ifg-campus-luziania-registra-mais-de-400-participantes-em-suas-inscricoes\/","title":{"rendered":"Dia da Inform\u00e1tica 2016 do IFG c\u00e2mpus Luzi\u00e2nia, registra mais de 400 participantes em suas inscri\u00e7\u00f5es"},"content":{"rendered":"","protected":false},"excerpt":{"rendered":"","protected":false},"author":13,"featured_media":201,"comment_status":"open","ping_status":"open","sticky":false,"template":"","format":"standard","meta":{"ngg_post_thumbnail":0,"footnotes":""},"categories":[1],"tags":[],"class_list":["post-203","post","type-post","status-publish","format-standard","has-post-thumbnail","hentry","category-sem-categoria"],"_links":{"self":[{"href":"https:\/\/eventos.ifg.edu.br\/diainfo2016\/wp-json\/wp\/v2\/posts\/203"}],"collection":[{"href":"https:\/\/eventos.ifg.edu.br\/diainfo2016\/wp-json\/wp\/v2\/posts"}],"about":[{"href":"https:\/\/eventos.ifg.edu.br\/diainfo2016\/wp-json\/wp\/v2\/types\/post"}],"author":[{"embeddable":true,"href":"https:\/\/eventos.ifg.edu.br\/diainfo2016\/wp-json\/wp\/v2\/users\/13"}],"replies":[{"embeddable":true,"href":"https:\/\/eventos.ifg.edu.br\/diainfo2016\/wp-json\/wp\/v2\/comments?post=203"}],"version-history":[{"count":1,"href":"https:\/\/eventos.ifg.edu.br\/diainfo2016\/wp-json\/wp\/v2\/posts\/203\/revisions"}],"predecessor-version":[{"id":204,"href":"https:\/\/eventos.ifg.edu.br\/diainfo2016\/wp-json\/wp\/v2\/posts\/203\/revisions\/204"}],"wp:featuredmedia":[{"embeddable":true,"href":"https:\/\/eventos.ifg.edu.br\/diainfo2016\/wp-json\/wp\/v2\/media\/201"}],"wp:attachment":[{"href":"https:\/\/eventos.ifg.edu.br\/diainfo2016\/wp-json\/wp\/v2\/media?parent=203"}],"wp:term":[{"taxonomy":"category","embeddable":true,"href":"https:\/\/eventos.ifg.edu.br\/diainfo2016\/wp-json\/wp\/v2\/categories?post=203"},{"taxonomy":"post_tag","embeddable":true,"href":"https:\/\/eventos.ifg.edu.br\/diainfo2016\/wp-json\/wp\/v2\/tags?post=203"}],"curies":[{"name":"wp","href":"https:\/\/api.w.org\/{rel}","templated":true}]}}