{"id":162,"date":"2016-08-01T11:50:11","date_gmt":"2016-08-01T14:50:11","guid":{"rendered":"http:\/\/eventos.ifg.edu.br\/diainfo2016\/?p=162"},"modified":"2016-08-01T11:51:00","modified_gmt":"2016-08-01T14:51:00","slug":"inscricoes-abertas","status":"publish","type":"post","link":"https:\/\/eventos.ifg.edu.br\/diainfo2016\/2016\/08\/01\/inscricoes-abertas\/","title":{"rendered":"Inscri\u00e7\u00f5es abertas"},"content":{"rendered":"<p>Est\u00e3o abertas as Inscri\u00e7\u00f5es para o Dia da Inform\u00e1tica 2016.<\/p>\n<p><a href=\"http:\/\/sugep.ifg.edu.br\/eventos\/administracao\/inscricoes.html?q12we34rt56yu78io90p=M\/cVOq7clAY=#\">http:\/\/sugep.ifg.edu.br\/eventos\/administracao\/inscricoes.html?q12we34rt56yu78io90p=M\/cVOq7clAY=#<\/a><\/p>\n","protected":false},"excerpt":{"rendered":"<p>Est\u00e3o abertas as Inscri\u00e7\u00f5es para o Dia da Inform\u00e1tica 2016. http:\/\/sugep.ifg.edu.br\/eventos\/administracao\/inscricoes.html?q12we34rt56yu78io90p=M\/cVOq7clAY=#<\/p>\n","protected":false},"author":13,"featured_media":19,"comment_status":"open","ping_status":"open","sticky":false,"template":"","format":"standard","meta":{"ngg_post_thumbnail":0,"footnotes":""},"categories":[1],"tags":[],"class_list":["post-162","post","type-post","status-publish","format-standard","has-post-thumbnail","hentry","category-sem-categoria"],"_links":{"self":[{"href":"https:\/\/eventos.ifg.edu.br\/diainfo2016\/wp-json\/wp\/v2\/posts\/162"}],"collection":[{"href":"https:\/\/eventos.ifg.edu.br\/diainfo2016\/wp-json\/wp\/v2\/posts"}],"about":[{"href":"https:\/\/eventos.ifg.edu.br\/diainfo2016\/wp-json\/wp\/v2\/types\/post"}],"author":[{"embeddable":true,"href":"https:\/\/eventos.ifg.edu.br\/diainfo2016\/wp-json\/wp\/v2\/users\/13"}],"replies":[{"embeddable":true,"href":"https:\/\/eventos.ifg.edu.br\/diainfo2016\/wp-json\/wp\/v2\/comments?post=162"}],"version-history":[{"count":2,"href":"https:\/\/eventos.ifg.edu.br\/diainfo2016\/wp-json\/wp\/v2\/posts\/162\/revisions"}],"predecessor-version":[{"id":164,"href":"https:\/\/eventos.ifg.edu.br\/diainfo2016\/wp-json\/wp\/v2\/posts\/162\/revisions\/164"}],"wp:featuredmedia":[{"embeddable":true,"href":"https:\/\/eventos.ifg.edu.br\/diainfo2016\/wp-json\/wp\/v2\/media\/19"}],"wp:attachment":[{"href":"https:\/\/eventos.ifg.edu.br\/diainfo2016\/wp-json\/wp\/v2\/media?parent=162"}],"wp:term":[{"taxonomy":"category","embeddable":true,"href":"https:\/\/eventos.ifg.edu.br\/diainfo2016\/wp-json\/wp\/v2\/categories?post=162"},{"taxonomy":"post_tag","embeddable":true,"href":"https:\/\/eventos.ifg.edu.br\/diainfo2016\/wp-json\/wp\/v2\/tags?post=162"}],"curies":[{"name":"wp","href":"https:\/\/api.w.org\/{rel}","templated":true}]}}