{"id":312,"date":"2020-11-22T15:54:00","date_gmt":"2020-11-22T18:54:00","guid":{"rendered":"https:\/\/eventos.ifg.edu.br\/culturasnegras\/?p=312"},"modified":"2026-04-28T16:55:45","modified_gmt":"2026-04-28T19:55:45","slug":"reflexoes-sobre-educacao-estetica-literatura-e-musica-afro-brasileira-marcam-o-encerramento-do-iv-ecn","status":"publish","type":"post","link":"https:\/\/eventos.ifg.edu.br\/culturasnegras\/2020\/11\/22\/reflexoes-sobre-educacao-estetica-literatura-e-musica-afro-brasileira-marcam-o-encerramento-do-iv-ecn\/","title":{"rendered":"Reflex\u00f5es sobre educa\u00e7\u00e3o, est\u00e9tica, literatura e m\u00fasica afro-brasileira marcam o encerramento do IV ECN"},"content":{"rendered":"\n<h4 class=\"wp-block-heading\">Oficinas e apresenta\u00e7\u00e3o art\u00edstica foram realizadas na manh\u00e3 deste s\u00e1bado, 21<\/h4>\n\n\n\n<p>Com reflex\u00f5es sobre educa\u00e7\u00e3o, comunica\u00e7\u00e3o, est\u00e9tica e literatura e apresenta\u00e7\u00e3o musical do Projeto Sankofa, foi encerrada, neste s\u00e1bado, 21 de novembro, a 4\u00aa edi\u00e7\u00e3o do Encontro de Culturas Negras e a 6\u00aa edi\u00e7\u00e3o do Semin\u00e1rio de Educa\u00e7\u00e3o para as Rela\u00e7\u00f5es \u00c9tnico-Raciais do Instituto Federal de Goi\u00e1s (IFG).<\/p>\n\n\n\n<p>Ao longo de tr\u00eas dias, em rodas de conversas, palestras e oficinas, foram debatidos diversos assuntos, sempre tendo como foco tem\u00e1ticas relacionadas \u00e0s quest\u00f5es \u00e9tnico-raciais. Na manh\u00e3 deste s\u00e1bado, a comunidade acad\u00eamica p\u00f4de acompanhar tr\u00eas oficinas e uma apresenta\u00e7\u00e3o art\u00edstica do Projeto Sankofa, desenvolvido pelo professor do C\u00e2mpus Inhumas, Kemuel dos Santos.<\/p>\n\n\n\n<p>Nesta edi\u00e7\u00e3o, o Encontro de Culturas Negras, que usualmente acontece no C\u00e2mpus Urua\u00e7u, foi realizado virtualmente devido \u00e0 pandemia da covid-19 e foi transmitido pelo YouTube e tamb\u00e9m via Google Meet. Algumas das palestras e mesas-redondas e a apresenta\u00e7\u00e3o que marcou o encerramento do evento podem ser conferidas&nbsp;no <a href=\"https:\/\/www.youtube.com\/channel\/UCBD8BfTWSwraVk0J46GZWeg\">Canal IFG Comunidade<\/a>.<\/p>\n\n\n\n<p><strong>Cabelo e beleza afro: reconhecimento<\/strong><\/p>\n\n\n\n<p>Conduzida pelas docentes do C\u00e2mpus Urua\u00e7u, Andreia Alves do Prado, que \u00e9 tamb\u00e9m diretora-geral da unidade, e J\u00e9ssica Azevedo Coelho, a oficina \u201cCabelos e beleza afro\u201d foi respons\u00e1vel por engendrar uma conversa e uma reflex\u00e3o sobre est\u00e9tica, identidade, padr\u00f5es de beleza, liberdade e reconhecimento. Durante a atividade, os participantes tiveram a chance de dialogar sobre os padr\u00f5es de beleza impostos pela sociedade, os quais, muitas vezes, s\u00e3o acatados e naturalizados sem a devida criticidade, como pontuaram os participantes da Oficina. Como destacou Jessica Azevedo Coelho, professora do C\u00e2mpus Urua\u00e7u, \u201cexige-se muito tempo da gente para manter um padr\u00e3o de beleza que a gente nem sabe se quer. E esse tempo a gente poderia destinar para tantas outras coisas.\u201d<\/p>\n\n\n\n<figure class=\"wp-block-image size-full\"><img fetchpriority=\"high\" decoding=\"async\" width=\"1008\" height=\"659\" src=\"http:\/\/eventos.ifg.edu.br\/culturasnegras\/wp-content\/uploads\/sites\/60\/2026\/04\/oficinacabelos.png\" alt=\"\" class=\"wp-image-315\" srcset=\"https:\/\/eventos.ifg.edu.br\/culturasnegras\/wp-content\/uploads\/sites\/60\/2026\/04\/oficinacabelos.png 1008w, https:\/\/eventos.ifg.edu.br\/culturasnegras\/wp-content\/uploads\/sites\/60\/2026\/04\/oficinacabelos-300x196.png 300w, https:\/\/eventos.ifg.edu.br\/culturasnegras\/wp-content\/uploads\/sites\/60\/2026\/04\/oficinacabelos-768x502.png 768w\" sizes=\"(max-width: 1008px) 100vw, 1008px\" \/><figcaption class=\"wp-element-caption\">Participantes falam sobre est\u00e9tica e padr\u00f5es de beleza, durante a Oficina &#8220;Cabelos e beleza afro&#8221;<\/figcaption><\/figure>\n\n\n\n<p>Carla Cordeiro, uma das participantes da oficina, destacando o papel dos padr\u00f5es de beleza aos quais a sociedade se submete, chamou aten\u00e7\u00e3o para a necessidade cr\u00edtica de observar as representa\u00e7\u00f5es que s\u00e3o impostas \u00e0s pessoas: \u201c\u00e9 preciso observar essas representa\u00e7\u00f5es e modelos aos quais nos submetemos. \u00c9 preciso falar e pensar sobre isso. Falar de cabelo \u00e9 falar tamb\u00e9m de uma luta de representa\u00e7\u00e3o, uma luta que envolve o corpo tamb\u00e9m\u201d.<\/p>\n\n\n\n<p>J\u00e9ssica Ferreira dos Santos Melo, procurando falar e refletir sobre o seu cabelo, contou que est\u00e1 passando por um processo de transi\u00e7\u00e3o capilar: \u201cestou no processo de transi\u00e7\u00e3o, e n\u00e3o \u00e9 f\u00e1cil, quase desisti v\u00e1rias vezes&#8230;\u201d. A estudante que est\u00e1 gr\u00e1vida contou que, desde que descobriu que ia ter uma menina, ficou firme no prop\u00f3sito de manter a transi\u00e7\u00e3o: \u201cquero que minha filha reconhe\u00e7a que ela \u00e9 linda sendo negra com o cabelo enroladinho, cheio de cachos, quero que ela entenda que Deus fez ela assim, perfeita e que n\u00e3o passe por tudo que passei com qu\u00edmicas e progressivas\u201d.<\/p>\n\n\n\n<p><strong>Educocomunica\u00e7\u00e3o e rela\u00e7\u00f5es \u00e9tnico-raciais<\/strong><\/p>\n\n\n\n<p>Em outra oficina ocorrida neste s\u00e1bado, o jornalista do C\u00e2mpus Jata\u00ed, Evaldo Gon\u00e7alves Silva, fez uma apresenta\u00e7\u00e3o problematizando o tema \u201c<a href=\"https:\/\/abpeducom.org.br\/publicacoes\/index.php\/portal\/catalog\/download\/1\/1\/75-1?inline=1\">Educomunica\u00e7\u00e3o<\/a>&nbsp;para as rela\u00e7\u00f5es \u00e9tnicos-raciais: a comunica\u00e7\u00e3o na encruzilhada entre a educa\u00e7\u00e3o antirracista e as culturas amefricanas\u201d. Em sua fala, Evaldo destacou a import\u00e2ncia de implementar a Lei 10.639\/2003, que trata da obrigatoriedade do ensino da hist\u00f3ria e cultura afro-brasileiras na educa\u00e7\u00e3o b\u00e1sica.<\/p>\n\n\n\n<figure class=\"wp-block-image size-full\"><img decoding=\"async\" width=\"1251\" height=\"656\" src=\"http:\/\/eventos.ifg.edu.br\/culturasnegras\/wp-content\/uploads\/sites\/60\/2020\/11\/Educ_Evaldo.png\" alt=\"\" class=\"wp-image-319\" srcset=\"https:\/\/eventos.ifg.edu.br\/culturasnegras\/wp-content\/uploads\/sites\/60\/2020\/11\/Educ_Evaldo.png 1251w, https:\/\/eventos.ifg.edu.br\/culturasnegras\/wp-content\/uploads\/sites\/60\/2020\/11\/Educ_Evaldo-300x157.png 300w, https:\/\/eventos.ifg.edu.br\/culturasnegras\/wp-content\/uploads\/sites\/60\/2020\/11\/Educ_Evaldo-1024x537.png 1024w, https:\/\/eventos.ifg.edu.br\/culturasnegras\/wp-content\/uploads\/sites\/60\/2020\/11\/Educ_Evaldo-768x403.png 768w\" sizes=\"(max-width: 1251px) 100vw, 1251px\" \/><figcaption class=\"wp-element-caption\">O jornalista Evaldo Gon\u00e7alves na Oficina sobre Educomunica\u00e7\u00e3o<\/figcaption><\/figure>\n\n\n\n<p>Ressaltando que \u00e9 essencial discutir um projeto de Educomunica\u00e7\u00e3o que problematize a quest\u00e3o das rela\u00e7\u00f5es \u00e9tnico-raciais e da hist\u00f3ria e cultura afro-brasileiras nas escolas de fato, o pesquisador falou sobre a import\u00e2ncia de fazer com que esse processo n\u00e3o seja pontual: \u201c\u00e9 preciso que as a\u00e7\u00f5es se enra\u00edzem e fa\u00e7am parte da rotina nos espa\u00e7os em que estamos; \u00e9 preciso que elas tenham continuidade\u201d.<\/p>\n\n\n\n<p><strong>Escreviv\u00eancia e Educa\u00e7\u00e3o liter\u00e1ria<\/strong><\/p>\n\n\n\n<p>A partir do tema \u201cEscreviv\u00eancia de Educa\u00e7\u00e3o liter\u00e1ria: nas linhas da mem\u00f3ria eu me refa\u00e7o\u201d, a aluna do curso de Licenciatura em Letras\/Portugu\u00eas, Amanda Cristina Teixeira de Oliveira, e a docente&nbsp;do C\u00e2mpus Goi\u00e2nia, Luciene Ara\u00fajo de Almeida, falaram sobre literatura, apresentando autoras que n\u00e3o s\u00e3o muito conhecidas do p\u00fablico.<\/p>\n\n\n\n<p>Falando da escritora Carolina de Jesus e da obra&nbsp;<em>Quarto de despejo: di\u00e1rio de uma favelada<\/em>, a estudante Amanda Oliveira fez da sua fala um convite para que outras pessoas conhe\u00e7am mais sobre a escritora e sua obra, e n\u00e3o s\u00f3 ela, mas outras escritoras tamb\u00e9m, como Concei\u00e7\u00e3o Evaristo, por exemplo, que \u00e9 a respons\u00e1vel por cunhar o termo \u201cescreviv\u00eancia\u201d.<\/p>\n\n\n\n<figure data-wp-context=\"{&quot;uploadedSrc&quot;:&quot;https:\\\/\\\/eventos.ifg.edu.br\\\/culturasnegras\\\/wp-content\\\/uploads\\\/sites\\\/60\\\/2026\\\/04\\\/escrev._Carolina.png&quot;,&quot;figureClassNames&quot;:&quot;wp-block-image size-large&quot;,&quot;figureStyles&quot;:null,&quot;imgClassNames&quot;:&quot;wp-image-317&quot;,&quot;imgStyles&quot;:null,&quot;targetWidth&quot;:1357,&quot;targetHeight&quot;:652,&quot;scaleAttr&quot;:false,&quot;ariaLabel&quot;:&quot;Aumentar imagem&quot;,&quot;alt&quot;:&quot;&quot;}\" data-wp-interactive=\"core\/image\" class=\"wp-block-image size-large wp-lightbox-container\"><img decoding=\"async\" width=\"1024\" height=\"492\" data-wp-init=\"callbacks.setButtonStyles\" data-wp-on-async--click=\"actions.showLightbox\" data-wp-on-async--load=\"callbacks.setButtonStyles\" data-wp-on-async-window--resize=\"callbacks.setButtonStyles\" src=\"http:\/\/eventos.ifg.edu.br\/culturasnegras\/wp-content\/uploads\/sites\/60\/2026\/04\/escrev._Carolina-1024x492.png\" alt=\"\" class=\"wp-image-317\" srcset=\"https:\/\/eventos.ifg.edu.br\/culturasnegras\/wp-content\/uploads\/sites\/60\/2026\/04\/escrev._Carolina-1024x492.png 1024w, https:\/\/eventos.ifg.edu.br\/culturasnegras\/wp-content\/uploads\/sites\/60\/2026\/04\/escrev._Carolina-300x144.png 300w, https:\/\/eventos.ifg.edu.br\/culturasnegras\/wp-content\/uploads\/sites\/60\/2026\/04\/escrev._Carolina-768x369.png 768w, https:\/\/eventos.ifg.edu.br\/culturasnegras\/wp-content\/uploads\/sites\/60\/2026\/04\/escrev._Carolina.png 1357w\" sizes=\"(max-width: 1024px) 100vw, 1024px\" \/><button\n\t\t\tclass=\"lightbox-trigger\"\n\t\t\ttype=\"button\"\n\t\t\taria-haspopup=\"dialog\"\n\t\t\taria-label=\"Aumentar imagem\"\n\t\t\tdata-wp-init=\"callbacks.initTriggerButton\"\n\t\t\tdata-wp-on-async--click=\"actions.showLightbox\"\n\t\t\tdata-wp-style--right=\"context.imageButtonRight\"\n\t\t\tdata-wp-style--top=\"context.imageButtonTop\"\n\t\t>\n\t\t\t<svg xmlns=\"http:\/\/www.w3.org\/2000\/svg\" width=\"12\" height=\"12\" fill=\"none\" viewBox=\"0 0 12 12\">\n\t\t\t\t<path fill=\"#fff\" d=\"M2 0a2 2 0 0 0-2 2v2h1.5V2a.5.5 0 0 1 .5-.5h2V0H2Zm2 10.5H2a.5.5 0 0 1-.5-.5V8H0v2a2 2 0 0 0 2 2h2v-1.5ZM8 12v-1.5h2a.5.5 0 0 0 .5-.5V8H12v2a2 2 0 0 1-2 2H8Zm2-12a2 2 0 0 1 2 2v2h-1.5V2a.5.5 0 0 0-.5-.5H8V0h2Z\" \/>\n\t\t\t<\/svg>\n\t\t<\/button><figcaption class=\"wp-element-caption\">A aluna Amanda Oliveira apresenta trechos da obra &#8220;Quarto de despejo&#8221;, de Carolina de Jesus, no \u00faltimo dia do Encontro de Culturas Negras<\/figcaption><\/figure>\n\n\n\n<p>Refletindo sobre mem\u00f3ria e di\u00e1rio no contexto liter\u00e1rio, a professora Luciene de Almeida falou um pouco sobre algumas autoras negras e destacou a import\u00e2ncia de dar aten\u00e7\u00e3o a essa literatura, evitando, assim, o silenciamento dessas vozes que s\u00e3o muitas vezes desconhecidas. A docente, que desenvolve projetos e pesquisas sobre narrativas de mulheres negras a partir da problematiza\u00e7\u00e3o do lugar que \u00e9 concedido \u00e0s mulheres negras na literatura de Brasil, tamb\u00e9m falou sobre o processo de \u201credescoberta\u201d do&nbsp;<em>Di\u00e1rio<\/em>&nbsp;de Carolina de Jesus e, assim como sua aluna, convidou os participantes a conhecerem mais autores negros.<\/p>\n\n\n\n<p><strong>Projeto Sankofa<\/strong><\/p>\n\n\n\n<p>Origin\u00e1rio de um prov\u00e9rbio tradicional da \u00c1frica Ocidental, o conceito de&nbsp;<em>Sankofa<\/em>&nbsp;ensina, entre outras coisas, a possibilidade de voltar atr\u00e1s, de voltar \u00e0s ra\u00edzes, para poder realizar nosso potencial e avan\u00e7ar. E foi voltando \u00e0s ra\u00edzes africanas e brasileiras, por meio do resgate da musicalidade afro-brasileira, que foi encerrado o IV Encontro de Culturas Negras.<\/p>\n\n\n\n<p>A apresenta\u00e7\u00e3o do Projeto Sankofa, desenvolvido pelo professor do C\u00e2mpus Inhumas,&nbsp;Kemuel Kesley Ferreira dos Santos, foi transmitida no YouTube, pelo Canal IFG Comunidade e pode ser conferida<a href=\"https:\/\/www.youtube.com\/watch?v=EHlWU7dU1x4\">&nbsp;aqui<\/a>. O Projeto foi contemplado pelo edital InspirArte do IFG e tem como objetivo promover a cria\u00e7\u00e3o de videoaulas sobre ritmos de matriz africana, no C\u00e2mpus Inhumas. &nbsp;<\/p>\n\n\n\n<p>Ao longo da transmiss\u00e3o da apresenta\u00e7\u00e3o, Kemuel destacou, que com ela, ele espera ter conseguido trazer um pouquinho da riqueza musical que a cultura afro-brasileira possui. E pela demonstra\u00e7\u00e3o da empolga\u00e7\u00e3o do p\u00fablico que acompanhou a transmiss\u00e3o no YouTube, deu para ver que o professor conseguiu, afinado com o conceito de&nbsp;<em>Sankofa<\/em>, resgatar a musicalidade afro-brasileira e realizar seu potencial. Diante das respostas dos muitos estudantes e servidores prestigiando, parabenizando a apresenta\u00e7\u00e3o e pedindo mais, o professor agradeceu os alunos, professores, m\u00fasicos e a organiza\u00e7\u00e3o do evento.<\/p>\n\n\n\n<p>Confira&nbsp;<a href=\"https:\/\/youtube.com\/playlist?list=PLZ43nhhqGb5a9AWhCTynQo-aFHoRrqEu0&amp;si=J8WdsKoY1lB4ATfn\">alguns v\u00eddeos do que aconteceu ao longo do IV Encontro de Culturas Negras<\/a>.<\/p>\n\n\n\n<p><em>Diretoria de Comunica\u00e7\u00e3o Social\/Reitoria.<\/em><\/p>\n\n\n\n<p><\/p>\n\n\n\n<p>Fonte: <a href=\"https:\/\/www.ifg.edu.br\/ultimas-noticias\/17-ifg\/ultimas-noticias\/20994\">https:\/\/www.ifg.edu.br\/ultimas-noticias\/17-ifg\/ultimas-noticias\/20994<\/a><\/p>\n\n\n\n<p><\/p>\n\n\n\n<p><\/p>\n\n\n\n<p><\/p>\n","protected":false},"excerpt":{"rendered":"<p>Oficinas e apresenta\u00e7\u00e3o art\u00edstica foram realizadas na manh\u00e3 deste s\u00e1bado, 21 Com reflex\u00f5es sobre educa\u00e7\u00e3o, comunica\u00e7\u00e3o, est\u00e9tica e literatura e apresenta\u00e7\u00e3o musical do Projeto Sankofa, foi encerrada, neste s\u00e1bado, 21 de novembro, a 4\u00aa edi\u00e7\u00e3o do Encontro de Culturas Negras e a 6\u00aa edi\u00e7\u00e3o do Semin\u00e1rio de Educa\u00e7\u00e3o para as Rela\u00e7\u00f5es \u00c9tnico-Raciais do Instituto Federal [&hellip;]<\/p>\n","protected":false},"author":134,"featured_media":314,"comment_status":"closed","ping_status":"open","sticky":false,"template":"","format":"standard","meta":{"ngg_post_thumbnail":0,"footnotes":""},"categories":[1],"tags":[],"class_list":["post-312","post","type-post","status-publish","format-standard","has-post-thumbnail","hentry","category-noticias"],"_links":{"self":[{"href":"https:\/\/eventos.ifg.edu.br\/culturasnegras\/wp-json\/wp\/v2\/posts\/312"}],"collection":[{"href":"https:\/\/eventos.ifg.edu.br\/culturasnegras\/wp-json\/wp\/v2\/posts"}],"about":[{"href":"https:\/\/eventos.ifg.edu.br\/culturasnegras\/wp-json\/wp\/v2\/types\/post"}],"author":[{"embeddable":true,"href":"https:\/\/eventos.ifg.edu.br\/culturasnegras\/wp-json\/wp\/v2\/users\/134"}],"replies":[{"embeddable":true,"href":"https:\/\/eventos.ifg.edu.br\/culturasnegras\/wp-json\/wp\/v2\/comments?post=312"}],"version-history":[{"count":2,"href":"https:\/\/eventos.ifg.edu.br\/culturasnegras\/wp-json\/wp\/v2\/posts\/312\/revisions"}],"predecessor-version":[{"id":320,"href":"https:\/\/eventos.ifg.edu.br\/culturasnegras\/wp-json\/wp\/v2\/posts\/312\/revisions\/320"}],"wp:featuredmedia":[{"embeddable":true,"href":"https:\/\/eventos.ifg.edu.br\/culturasnegras\/wp-json\/wp\/v2\/media\/314"}],"wp:attachment":[{"href":"https:\/\/eventos.ifg.edu.br\/culturasnegras\/wp-json\/wp\/v2\/media?parent=312"}],"wp:term":[{"taxonomy":"category","embeddable":true,"href":"https:\/\/eventos.ifg.edu.br\/culturasnegras\/wp-json\/wp\/v2\/categories?post=312"},{"taxonomy":"post_tag","embeddable":true,"href":"https:\/\/eventos.ifg.edu.br\/culturasnegras\/wp-json\/wp\/v2\/tags?post=312"}],"curies":[{"name":"wp","href":"https:\/\/api.w.org\/{rel}","templated":true}]}}