{"id":305,"date":"2020-11-12T15:22:00","date_gmt":"2020-11-12T18:22:00","guid":{"rendered":"https:\/\/eventos.ifg.edu.br\/culturasnegras\/?p=305"},"modified":"2026-04-28T15:43:43","modified_gmt":"2026-04-28T18:43:43","slug":"encontro-de-culturas-negras-e-seminario-serao-realizados-virtualmente-de-19-a-21","status":"publish","type":"post","link":"https:\/\/eventos.ifg.edu.br\/culturasnegras\/2020\/11\/12\/encontro-de-culturas-negras-e-seminario-serao-realizados-virtualmente-de-19-a-21\/","title":{"rendered":"IV Encontro de Culturas Negras e semin\u00e1rio ser\u00e3o realizados virtualmente, de 19 a 21"},"content":{"rendered":"\n<p>O Instituto Federal de Goi\u00e1s (IFG) vai realizar seu IV Encontro de Culturas Negras e seu VI Semin\u00e1rio de Educa\u00e7\u00e3o para as Rela\u00e7\u00f5es \u00c9tnico-Raciais, no per\u00edodo de 19 a 21 deste m\u00eas de novembro. Os dois eventos, que historicamente s\u00e3o paralelos, ser\u00e3o virtuais, com transmiss\u00e3o no canal IFG Comunidade no YouTube.<\/p>\n\n\n\n<p>Para participar dos eventos \u00e9 necess\u00e1ria inscri\u00e7\u00e3o pr\u00e9via, que pode ser feita a at\u00e9 o dia 20, pelo&nbsp;<a href=\"https:\/\/sugep.ifg.edu.br\/eventos\/#\/publico\/eventos\/ec75bd42-a3df-4478-b8e8-e566babb5ad8\/inscricao\">Sugep<\/a>. Os trabalhos que ser\u00e3o apresentados no VI Semin\u00e1rio de educa\u00e7\u00e3o para as rela\u00e7\u00f5es \u00e9tnico-raciais foram selecionados por meio de chamada p\u00fablica (confira&nbsp;<a href=\"http:\/\/www.ifg.edu.br\/attachments\/article\/228\/COMUNICADO%2030_2020%20-%20REI-PROEX_REITORIA_IFG.pdf\">aqui<\/a>).<\/p>\n\n\n\n<p>A abertura do IV Encontro de Culturas Negras ser\u00e1 na quinta-feira, 19, \u00e0s 19 horas, com a participa\u00e7\u00e3o do reitor do IFG, professor Jer\u00f4nimo Rodrigues da Silva, do pr\u00f3-reitor de Extens\u00e3o, Daniel Silva Barbosa, e do representante da Comiss\u00e3o Organizadora, Neville Julho de Vilasboas e Santos.&nbsp;<\/p>\n\n\n\n<p>Logo em seguida \u00e0 solenidade de abertura, ser\u00e1 realizada mesa redonda com o tema \u201cSomos todos antirracistas agora?\u201d, com participa\u00e7\u00e3o das professoras do IFG Daniele Gon\u00e7alves Dias (C\u00e2mpus Formosa) e Paula de Almeida Silva (C\u00e2mpus Luzi\u00e2nia) e media\u00e7\u00e3o do jornalista Evaldo Gon\u00e7alves Silva (C\u00e2mpus Jata\u00ed). A solenidade de abertura e a mesa-redonda ser\u00e3o transmitidas pelo link\u00a0<a href=\"https:\/\/youtu.be\/sncwK3sgYw8\" target=\"_blank\" rel=\"noreferrer noopener\">https:\/\/youtu.be\/sncwK3sgYw8<\/a>.<\/p>\n\n\n\n<p>No dia 20, ser\u00e3o apresentados os trabalhos selecionados para o VI Semin\u00e1rio de educa\u00e7\u00e3o para as rela\u00e7\u00f5es \u00e9tnico-raciais. Tr\u00eas grupos de trabalhos foram formados para a exposi\u00e7\u00e3o dos conte\u00fados, que v\u00e3o de relatos de experi\u00eancias a comunica\u00e7\u00f5es tratando das quest\u00f5es africanas e da afrodescend\u00eancia, de ra\u00e7a, antirracista e da diversidade \u00e9tnico-racial.<\/p>\n\n\n\n<p>A partir das 9 horas, ser\u00e3o apresentados os trabalhos do GT1, com transmiss\u00e3o pelo link&nbsp;<a href=\"https:\/\/youtu.be\/GMNeygsLXqY\">https:\/\/youtu.be\/GMNeygsLXqY<\/a>. A partir das 14 horas, haver\u00e1 a exposi\u00e7\u00e3o de trabalhos do GT2, com transmiss\u00e3o pelo link&nbsp;<a href=\"https:\/\/youtu.be\/HlBwtviKJwc\">https:\/\/youtu.be\/HlBwtviKJwc<\/a>. \u00c0 noite, a partir das 19 horas, ser\u00e3o apresentados os trabalhos do GT3 e a transmiss\u00e3o ser\u00e1 feita pelo link&nbsp;<a href=\"https:\/\/youtu.be\/MbiFV3i0qKs\">https:\/\/youtu.be\/MbiFV3i0qKs<\/a>&nbsp;.<\/p>\n\n\n\n<p>Dia 21 ser\u00e1 retomada a programa\u00e7\u00e3o do IV Encontro de culturas negras com a realiza\u00e7\u00e3o das oficinas: \u201cEscreviv\u00eancia liter\u00e1ria: as linhas da mem\u00f3ria eu me refa\u00e7o\u201d; \u201cCabelos e beleza afro\u201d e \u201cEducomunica\u00e7\u00e3o para as rela\u00e7\u00f5es \u00e9tnicos-raciais: a comunica\u00e7\u00e3o na encruzilhada entre a educa\u00e7\u00e3o antirracista e as culturas amefricanas\u201d. Todas elas ter\u00e3o in\u00edcio \u00e0s 9 horas e com n\u00famero de vagas limitadas.<\/p>\n\n\n\n<p><br>Fa\u00e7a&nbsp;<a href=\"https:\/\/sugep.ifg.edu.br\/eventos\/#\/publico\/eventos\/ec75bd42-a3df-4478-b8e8-e566babb5ad8\/inscricao\">sua inscri\u00e7\u00e3o<\/a>.<\/p>\n\n\n\n<p><em>Diretoria de Comunica\u00e7\u00e3o Social\/Reitoria.<\/em><\/p>\n\n\n\n<p><\/p>\n\n\n\n<p>Fonte: <a href=\"https:\/\/www.ifg.edu.br\/ultimas-noticias\/17-ifg\/ultimas-noticias\/20824\">https:\/\/www.ifg.edu.br\/ultimas-noticias\/17-ifg\/ultimas-noticias\/20824<\/a><\/p>\n","protected":false},"excerpt":{"rendered":"<p>O Instituto Federal de Goi\u00e1s (IFG) vai realizar seu IV Encontro de Culturas Negras e seu VI Semin\u00e1rio de Educa\u00e7\u00e3o para as Rela\u00e7\u00f5es \u00c9tnico-Raciais, no per\u00edodo de 19 a 21 deste m\u00eas de novembro. Os dois eventos, que historicamente s\u00e3o paralelos, ser\u00e3o virtuais, com transmiss\u00e3o no canal IFG Comunidade no YouTube. Para participar dos eventos [&hellip;]<\/p>\n","protected":false},"author":134,"featured_media":306,"comment_status":"closed","ping_status":"open","sticky":false,"template":"","format":"standard","meta":{"ngg_post_thumbnail":0,"footnotes":""},"categories":[1],"tags":[],"class_list":["post-305","post","type-post","status-publish","format-standard","has-post-thumbnail","hentry","category-noticias"],"_links":{"self":[{"href":"https:\/\/eventos.ifg.edu.br\/culturasnegras\/wp-json\/wp\/v2\/posts\/305"}],"collection":[{"href":"https:\/\/eventos.ifg.edu.br\/culturasnegras\/wp-json\/wp\/v2\/posts"}],"about":[{"href":"https:\/\/eventos.ifg.edu.br\/culturasnegras\/wp-json\/wp\/v2\/types\/post"}],"author":[{"embeddable":true,"href":"https:\/\/eventos.ifg.edu.br\/culturasnegras\/wp-json\/wp\/v2\/users\/134"}],"replies":[{"embeddable":true,"href":"https:\/\/eventos.ifg.edu.br\/culturasnegras\/wp-json\/wp\/v2\/comments?post=305"}],"version-history":[{"count":3,"href":"https:\/\/eventos.ifg.edu.br\/culturasnegras\/wp-json\/wp\/v2\/posts\/305\/revisions"}],"predecessor-version":[{"id":311,"href":"https:\/\/eventos.ifg.edu.br\/culturasnegras\/wp-json\/wp\/v2\/posts\/305\/revisions\/311"}],"wp:featuredmedia":[{"embeddable":true,"href":"https:\/\/eventos.ifg.edu.br\/culturasnegras\/wp-json\/wp\/v2\/media\/306"}],"wp:attachment":[{"href":"https:\/\/eventos.ifg.edu.br\/culturasnegras\/wp-json\/wp\/v2\/media?parent=305"}],"wp:term":[{"taxonomy":"category","embeddable":true,"href":"https:\/\/eventos.ifg.edu.br\/culturasnegras\/wp-json\/wp\/v2\/categories?post=305"},{"taxonomy":"post_tag","embeddable":true,"href":"https:\/\/eventos.ifg.edu.br\/culturasnegras\/wp-json\/wp\/v2\/tags?post=305"}],"curies":[{"name":"wp","href":"https:\/\/api.w.org\/{rel}","templated":true}]}}