{"id":299,"date":"2017-12-03T23:15:00","date_gmt":"2017-12-04T01:15:00","guid":{"rendered":"https:\/\/eventos.ifg.edu.br\/culturasnegras\/?p=299"},"modified":"2026-04-28T14:38:13","modified_gmt":"2026-04-28T17:38:13","slug":"gratidao-e-a-palavra-que-marca-o-encerramento-do-iii-encontro-de-culturas-negras","status":"publish","type":"post","link":"https:\/\/eventos.ifg.edu.br\/culturasnegras\/2017\/12\/03\/gratidao-e-a-palavra-que-marca-o-encerramento-do-iii-encontro-de-culturas-negras\/","title":{"rendered":"Gratid\u00e3o \u00e9 a palavra que marca o encerramento do III Encontro de Culturas Negras"},"content":{"rendered":"\n<h4 class=\"wp-block-heading\">Comunidades tradicionais e gestores do IFG participaram do encerramento no C\u00e2mpus Urua\u00e7u do IFG<\/h4>\n\n\n\n<p>O encerramento do III Encontro de Culturas Negras e do IV Semin\u00e1rio de Educa\u00e7\u00e3o para as Rela\u00e7\u00f5es \u00c9tnico-Raciais, promovido pelo Instituto Federal de Goi\u00e1s, foi marcado por um di\u00e1logo entre membros das comunidades quilombolas da regi\u00e3o de Urua\u00e7u e do Norte Goiano, e o sentimento que traduz a conversa ocorrida no final do Encontro \u00e9 a gratid\u00e3o. Al\u00e9m da conversa entre membros das comunidades tradicionais, houve apresenta\u00e7\u00f5es culturais das comunidades locais e o lan\u00e7amento do livro&nbsp;<em>Tradi\u00e7\u00f5es da Terra<\/em>, fruto de um projeto realizado pelo IFG, por meio de sua Pr\u00f3-Reitoria de Extens\u00e3o.<\/p>\n\n\n\n<p>Al\u00e9m da diretora-geral do C\u00e2mpus Urua\u00e7u, Andreia Alves do Prado; do diretor de A\u00e7\u00f5es Sociais da Pr\u00f3-Reitoria de Extens\u00e3o, Constantino Isidoro Filho; e da professora do C\u00e2mpus Cidade de Goi\u00e1s e coordenadora-geral de Extens\u00e3o, Jaqueline Vilas Boas Talga, participaram dessa conversa os seguintes membros das comunidades tradicionais: senhor Geraldo Afonso dos Santos, do grupo do Memorial da Serra da Mesa; Dona Maria Aparecida, Dona Albina Borges da Costa e Senhor Alquino Rodrigues da Costa, da Comunidade do Pombal; Dona Maria Santina Barbosa da Silva, Dona Domingas Gouveia Carvalho \u201cQuilombola\u201d, da Comunidade Jo\u00e3o Borges Vieira; Gislene Luis da Silva e Dona C\u00e2ndida, da Comunidade do Rio do Peixe; e Dona Maria Helena, da Comunidade Kalunga.<\/p>\n\n\n\n<figure data-wp-context=\"{&quot;uploadedSrc&quot;:&quot;https:\\\/\\\/eventos.ifg.edu.br\\\/culturasnegras\\\/wp-content\\\/uploads\\\/sites\\\/60\\\/2026\\\/04\\\/seugeraldo2.jpg&quot;,&quot;figureClassNames&quot;:&quot;wp-block-image size-full&quot;,&quot;figureStyles&quot;:null,&quot;imgClassNames&quot;:&quot;wp-image-301&quot;,&quot;imgStyles&quot;:null,&quot;targetWidth&quot;:960,&quot;targetHeight&quot;:640,&quot;scaleAttr&quot;:false,&quot;ariaLabel&quot;:&quot;Aumentar imagem&quot;,&quot;alt&quot;:&quot;&quot;}\" data-wp-interactive=\"core\/image\" class=\"wp-block-image size-full wp-lightbox-container\"><img fetchpriority=\"high\" decoding=\"async\" width=\"960\" height=\"640\" data-wp-init=\"callbacks.setButtonStyles\" data-wp-on-async--click=\"actions.showLightbox\" data-wp-on-async--load=\"callbacks.setButtonStyles\" data-wp-on-async-window--resize=\"callbacks.setButtonStyles\" src=\"http:\/\/eventos.ifg.edu.br\/culturasnegras\/wp-content\/uploads\/sites\/60\/2026\/04\/seugeraldo2.jpg\" alt=\"\" class=\"wp-image-301\" srcset=\"https:\/\/eventos.ifg.edu.br\/culturasnegras\/wp-content\/uploads\/sites\/60\/2026\/04\/seugeraldo2.jpg 960w, https:\/\/eventos.ifg.edu.br\/culturasnegras\/wp-content\/uploads\/sites\/60\/2026\/04\/seugeraldo2-300x200.jpg 300w, https:\/\/eventos.ifg.edu.br\/culturasnegras\/wp-content\/uploads\/sites\/60\/2026\/04\/seugeraldo2-768x512.jpg 768w\" sizes=\"(max-width: 960px) 100vw, 960px\" \/><button\n\t\t\tclass=\"lightbox-trigger\"\n\t\t\ttype=\"button\"\n\t\t\taria-haspopup=\"dialog\"\n\t\t\taria-label=\"Aumentar imagem\"\n\t\t\tdata-wp-init=\"callbacks.initTriggerButton\"\n\t\t\tdata-wp-on-async--click=\"actions.showLightbox\"\n\t\t\tdata-wp-style--right=\"context.imageButtonRight\"\n\t\t\tdata-wp-style--top=\"context.imageButtonTop\"\n\t\t>\n\t\t\t<svg xmlns=\"http:\/\/www.w3.org\/2000\/svg\" width=\"12\" height=\"12\" fill=\"none\" viewBox=\"0 0 12 12\">\n\t\t\t\t<path fill=\"#fff\" d=\"M2 0a2 2 0 0 0-2 2v2h1.5V2a.5.5 0 0 1 .5-.5h2V0H2Zm2 10.5H2a.5.5 0 0 1-.5-.5V8H0v2a2 2 0 0 0 2 2h2v-1.5ZM8 12v-1.5h2a.5.5 0 0 0 .5-.5V8H12v2a2 2 0 0 1-2 2H8Zm2-12a2 2 0 0 1 2 2v2h-1.5V2a.5.5 0 0 0-.5-.5H8V0h2Z\" \/>\n\t\t\t<\/svg>\n\t\t<\/button><figcaption class=\"wp-element-caption\"> Senhor Geraldo Afonso dos Santos, do grupo do Memorial da Serra da Mesa, foi um dos participantes do encerramento do Encontro<\/figcaption><\/figure>\n\n\n\n<p><strong>Di\u00e1logo e agradecimento<\/strong><\/p>\n\n\n\n<p>Durante o encerramento da terceira edi\u00e7\u00e3o do Encontro de Culturas Negras, foi falado a respeito do projeto de extens\u00e3o&nbsp;<em>Comunidades Tradicionais em Rede<\/em>, que teve o envolvimento de membros de v\u00e1rias comunidades do norte goiano. Agradecida pela participa\u00e7\u00e3o das comunidades no projeto da Institui\u00e7\u00e3o e tendo a chance de agradecer a presen\u00e7a das comunidades dentro do IFG, a professora Jaqueline Talga chamou aten\u00e7\u00e3o para a oportunidade que surgiu com o projeto, o qual, segundo a docente, &#8220;permitiu o contato mais pr\u00f3ximo com as comunidades tradicionais e fomentou um trabalho de conhecimento da hist\u00f3ria, da oralidade e da cultura\u201d.<\/p>\n\n\n\n<p>Segundo a diretora-geral do C\u00e2mpus Urua\u00e7u, Andreia Prado, \u201ctrata-se de um resgate da mem\u00f3ria, dos aspectos culturais e do conhecimento dessas comunidades. E o fato de elas permitirem que o IFG pudesse desenvolver o projeto \u00e9 algo que precisa ser agradecido, \u00e9 algo digno de gratid\u00e3o\u201d, ressaltou a diretora.<\/p>\n\n\n\n<p><strong>Livro e projeto<\/strong><\/p>\n\n\n\n<p>Trazendo o registro da oralidade e das imagens das comunidades, o livro&nbsp;<em>Tradi\u00e7\u00f5es da Terra<\/em>, cujo lan\u00e7amento ocorreu durante o encerramento do evento, se constitui das falas e dos sil\u00eancios de comunidades tradicionais do norte goiano, que carregam vivas nas pr\u00e1ticas e nos cora\u00e7\u00f5es suas tradi\u00e7\u00f5es. O percurso apresentado \u00e9 parte do&nbsp;<strong><em>Projeto Comunidades tradicionais em rede: cria\u00e7\u00e3o, circula\u00e7\u00e3o e produ\u00e7\u00e3o visual no cerrado goiano<\/em><\/strong>, resultado de uma parceria entre o IFG e o Minist\u00e9rio da Cultura.<\/p>\n\n\n\n<p>Segundo a Pr\u00f3-Reitoria de Extens\u00e3o, o projeto, a partir da atua\u00e7\u00e3o de um grupo interdisciplinar, integrado por representantes de diversas \u00e1reas de forma\u00e7\u00e3o e de conhecimento da Institui\u00e7\u00e3o, por meio de v\u00e1rias atividades prop\u00f4s estabelecer uma rede de a\u00e7\u00e3o e circula\u00e7\u00e3o entre as comunidades tradicionais do norte goiano. Essa a\u00e7\u00e3o deveria, fundamentalmente, contribuir para a valoriza\u00e7\u00e3o de seus modos de vida, bem como para rela\u00e7\u00e3o de sustentabilidade em seus territ\u00f3rios. E segundo alguns membros das comunidades tradicionais locais presentes no lan\u00e7amento do livro e no encerramento do Encontro, isso aconteceu.<\/p>\n\n\n\n<p><strong>Saber, cultura e gratid\u00e3o<\/strong><\/p>\n\n\n\n<p>Presidente da Comunidade Jo\u00e3o Borges Vieira, Dona Domingas Gouveia \u201cQuilombola\u201d, falando do projeto do IFG, chamou aten\u00e7\u00e3o para o fato de que a Institui\u00e7\u00e3o se tornou uma parceira das comunidades quilombolas da regi\u00e3o, mas ressaltou que o processo foi dif\u00edcil no come\u00e7o. E isso aconteceu, segundo ela, pois todas as comunidades da regi\u00e3o estavam cansadas de \u201cservirem de material de pesquisa para doutores\u201d. At\u00e9 por essa raz\u00e3o houve muito agradecimento pela forma como o IFG fez a devolutiva dos resultados do projeto: \u201cvoc\u00eas, do IFG, desenterraram hist\u00f3rias que poderiam ter sido esquecidas e expuseram nossas narrativas em um livro, em um document\u00e1rio; assim, nos ajudaram, nos deram conhecimento e conosco tamb\u00e9m aprenderam. Somos muito gratos por isso\u201d, ressaltou.<\/p>\n\n\n\n<p>Dona Maria Santina, da Comunidade Jo\u00e3o Borges Vieira, tamb\u00e9m chamou aten\u00e7\u00e3o para o fato de que, por n\u00e3o quererem ser mais material de pesquisa, muitos membros das comunidades, num primeiro momento, foram arredios com os servidores do IFG. \u201cPor isso, em p\u00fablico, quero agradecer por tudo que o IFG tem feito para as comunidades da regi\u00e3o\u201d, ressaltou.<\/p>\n\n\n\n<p><strong>S\u00f3 o come\u00e7o<\/strong><\/p>\n\n\n\n<p>O projeto, que come\u00e7ou em 2014, terminou agora com a entrega dos materiais que resultaram das pesquisas e a\u00e7\u00f5es de extens\u00e3o. Mas, segundo a professora Jaqueline, h\u00e1 a vontade de continuar o projeto. Nesse sentido, ela chamou aten\u00e7\u00e3o para todos os presentes no encerramento do Encontro que poderiam contribuir por meio da Institui\u00e7\u00e3o, com seus cursos, para melhorar a situa\u00e7\u00e3o dos povos da regi\u00e3o, no caso da continuidade do projeto. Do seu C\u00e2mpus (Cidade de Goi\u00e1s), ela chamou aten\u00e7\u00e3o para as quest\u00f5es relacionadas \u00e0 agroecologia, que podem ajudar os moradores das comunidades.<\/p>\n\n\n\n<p>Andreia Alves do Prado, diretora-geral do C\u00e2mpus Urua\u00e7u, chamou aten\u00e7\u00e3o para o fato de que o trabalho s\u00f3 come\u00e7ou: \u201ca ideia do projeto era fazer um registro das comunidades e trabalhar a economia criativa, e vemos que o nosso trabalho s\u00f3 se iniciou. Precisamos fortalecer o projeto \u2013 ele s\u00f3 est\u00e1 come\u00e7ando e tem muito ainda a oferecer\u201d.<\/p>\n\n\n\n<p>Para Constantino Isidoro Filho, diretor de A\u00e7\u00f5es Sociais da Proex, \u201co projeto n\u00e3o poderia criar uma falsa aproxima\u00e7\u00e3o, e foi por isso que ele foi, desde seu in\u00edcio, t\u00e3o verdadeiro\u201d. Constantino tamb\u00e9m agradeceu pela parceria dos c\u00e2mpus Urua\u00e7u e Cidade de Goi\u00e1s e, sobretudo, pela confian\u00e7a das comunidades tradicionais. \u201cSem voc\u00eas, nada disso teria sido poss\u00edvel\u201d, ressaltou. Durante o encerramento, o gestor da Proex chamou aten\u00e7\u00e3o tamb\u00e9m para o fato de que toda a Institui\u00e7\u00e3o aprendeu com o conhecimento dos povos tradicionais: \u201csomos extremamente gratos por essa oportunidade de aprendizado\u201d.<\/p>\n\n\n\n<p><strong>Consci\u00eancia humana<\/strong><\/p>\n\n\n\n<p>Dona Maria Helena, da Comunidade Kalunga, ressaltou que o IFG propiciou o interc\u00e2mbio cultural entre as comunidades do norte goiano. E essa troca, segundo ela, n\u00e3o \u00e9 apenas um trabalho de consci\u00eancia negra: \u201ccom tudo isso que foi proporcionado, a gente conseguiu trabalhar a consci\u00eancia humana; n\u00e3o foi s\u00f3 a consci\u00eancia negra, tema desse Encontro. \u00c9 uma troca de saberes que n\u00e3o tem pre\u00e7o, por isso temos uma gratid\u00e3o enorme pelo IFG\u201d.<\/p>\n\n\n\n<figure data-wp-context=\"{&quot;uploadedSrc&quot;:&quot;https:\\\/\\\/eventos.ifg.edu.br\\\/culturasnegras\\\/wp-content\\\/uploads\\\/sites\\\/60\\\/2026\\\/04\\\/Encerramento.jpg&quot;,&quot;figureClassNames&quot;:&quot;wp-block-image size-full&quot;,&quot;figureStyles&quot;:null,&quot;imgClassNames&quot;:&quot;wp-image-302&quot;,&quot;imgStyles&quot;:null,&quot;targetWidth&quot;:960,&quot;targetHeight&quot;:640,&quot;scaleAttr&quot;:false,&quot;ariaLabel&quot;:&quot;Aumentar imagem&quot;,&quot;alt&quot;:&quot;&quot;}\" data-wp-interactive=\"core\/image\" class=\"wp-block-image size-full wp-lightbox-container\"><img decoding=\"async\" width=\"960\" height=\"640\" data-wp-init=\"callbacks.setButtonStyles\" data-wp-on-async--click=\"actions.showLightbox\" data-wp-on-async--load=\"callbacks.setButtonStyles\" data-wp-on-async-window--resize=\"callbacks.setButtonStyles\" src=\"http:\/\/eventos.ifg.edu.br\/culturasnegras\/wp-content\/uploads\/sites\/60\/2026\/04\/Encerramento.jpg\" alt=\"\" class=\"wp-image-302\" srcset=\"https:\/\/eventos.ifg.edu.br\/culturasnegras\/wp-content\/uploads\/sites\/60\/2026\/04\/Encerramento.jpg 960w, https:\/\/eventos.ifg.edu.br\/culturasnegras\/wp-content\/uploads\/sites\/60\/2026\/04\/Encerramento-300x200.jpg 300w, https:\/\/eventos.ifg.edu.br\/culturasnegras\/wp-content\/uploads\/sites\/60\/2026\/04\/Encerramento-768x512.jpg 768w\" sizes=\"(max-width: 960px) 100vw, 960px\" \/><button\n\t\t\tclass=\"lightbox-trigger\"\n\t\t\ttype=\"button\"\n\t\t\taria-haspopup=\"dialog\"\n\t\t\taria-label=\"Aumentar imagem\"\n\t\t\tdata-wp-init=\"callbacks.initTriggerButton\"\n\t\t\tdata-wp-on-async--click=\"actions.showLightbox\"\n\t\t\tdata-wp-style--right=\"context.imageButtonRight\"\n\t\t\tdata-wp-style--top=\"context.imageButtonTop\"\n\t\t>\n\t\t\t<svg xmlns=\"http:\/\/www.w3.org\/2000\/svg\" width=\"12\" height=\"12\" fill=\"none\" viewBox=\"0 0 12 12\">\n\t\t\t\t<path fill=\"#fff\" d=\"M2 0a2 2 0 0 0-2 2v2h1.5V2a.5.5 0 0 1 .5-.5h2V0H2Zm2 10.5H2a.5.5 0 0 1-.5-.5V8H0v2a2 2 0 0 0 2 2h2v-1.5ZM8 12v-1.5h2a.5.5 0 0 0 .5-.5V8H12v2a2 2 0 0 1-2 2H8Zm2-12a2 2 0 0 1 2 2v2h-1.5V2a.5.5 0 0 0-.5-.5H8V0h2Z\" \/>\n\t\t\t<\/svg>\n\t\t<\/button><figcaption class=\"wp-element-caption\">Comunidades tradicionais se apresentam no encerramento do III Encontro de Culturas Negras<\/figcaption><\/figure>\n\n\n\n<p>Para Maria Helena, o saber que foi fomentado pela atua\u00e7\u00e3o do IFG busca as origens na viv\u00eancia, na tradi\u00e7\u00e3o: \u201c\u00e9 um saber pr\u00e1tico que trata da valoriza\u00e7\u00e3o do saber tradicional, da valoriza\u00e7\u00e3o dos mestres, mas n\u00e3o s\u00f3 do saber cient\u00edfico, e isso \u00e9 essencial na nossa sociedade\u201d. E foi com a apresenta\u00e7\u00e3o e a valoriza\u00e7\u00e3o dos trabalhos e das culturas dos mestres da sabedoria tradicional dos povos do norte goiano que o III Encontro de Culturas Negras e IV Semin\u00e1rio de Educa\u00e7\u00e3o para as Rela\u00e7\u00f5es \u00c9tnico-Raciais terminaram: imbu\u00eddos da necessidade do resgate e do di\u00e1logo com a cultura tradicional e da valoriza\u00e7\u00e3o da consci\u00eancia humana.<\/p>\n\n\n\n<p>Confira fotos do\u00a0III Encontro de Culturas Negras\u00a0em nossa p\u00e1gina no Facebook: <a href=\"https:\/\/www.facebook.com\/media\/set\/?set=a.1972611289433814&amp;type=3\">1\u00ba dia<\/a> \/ <a href=\"https:\/\/www.facebook.com\/media\/set\/?set=a.1974005939294349&amp;type=3\">2\u00ba dia<\/a> \/ <a href=\"https:\/\/www.facebook.com\/media\/set\/?set=a.1975550009139942&amp;type=3\">3\u00ba dia<\/a><\/p>\n\n\n\n<p>Fa\u00e7a o download do livro&nbsp;<em>Tradi\u00e7\u00f5es da Terra<\/em>&nbsp;<a href=\"http:\/\/editora.ifg.edu.br\/editoraifg\/catalog\/book\/14\">aqui<\/a>.<\/p>\n\n\n\n<p><a href=\"https:\/\/www.youtube.com\/channel\/UCIevFsI0LX0gDLxzBbXzMOg\">Acesse v\u00eddeos<\/a>&nbsp;do projeto.<\/p>\n\n\n\n<p><a href=\"http:\/\/www.ifg.edu.br\/component\/content\/article\/64-ifg\/pro-reitorias\/extensao-proex\/1118-extensao-no-ifg?showall=&amp;start=2\">Saiba mais sobre o Projeto Comunidade Tradicionais em Rede<\/a>.<\/p>\n\n\n\n<p><em>Diretoria de Comunica\u00e7\u00e3o Social\/ Reitoria.<\/em><\/p>\n\n\n\n<p><\/p>\n\n\n\n<p>Fonte: <a href=\"https:\/\/www.ifg.edu.br\/ultimas-noticias\/17-ifg\/ultimas-noticias\/6292\">https:\/\/www.ifg.edu.br\/ultimas-noticias\/17-ifg\/ultimas-noticias\/6292<\/a><\/p>\n","protected":false},"excerpt":{"rendered":"<p>Comunidades tradicionais e gestores do IFG participaram do encerramento no C\u00e2mpus Urua\u00e7u do IFG O encerramento do III Encontro de Culturas Negras e do IV Semin\u00e1rio de Educa\u00e7\u00e3o para as Rela\u00e7\u00f5es \u00c9tnico-Raciais, promovido pelo Instituto Federal de Goi\u00e1s, foi marcado por um di\u00e1logo entre membros das comunidades quilombolas da regi\u00e3o de Urua\u00e7u e do Norte [&hellip;]<\/p>\n","protected":false},"author":134,"featured_media":300,"comment_status":"closed","ping_status":"open","sticky":false,"template":"","format":"standard","meta":{"ngg_post_thumbnail":0,"footnotes":""},"categories":[1],"tags":[],"class_list":["post-299","post","type-post","status-publish","format-standard","has-post-thumbnail","hentry","category-noticias"],"_links":{"self":[{"href":"https:\/\/eventos.ifg.edu.br\/culturasnegras\/wp-json\/wp\/v2\/posts\/299"}],"collection":[{"href":"https:\/\/eventos.ifg.edu.br\/culturasnegras\/wp-json\/wp\/v2\/posts"}],"about":[{"href":"https:\/\/eventos.ifg.edu.br\/culturasnegras\/wp-json\/wp\/v2\/types\/post"}],"author":[{"embeddable":true,"href":"https:\/\/eventos.ifg.edu.br\/culturasnegras\/wp-json\/wp\/v2\/users\/134"}],"replies":[{"embeddable":true,"href":"https:\/\/eventos.ifg.edu.br\/culturasnegras\/wp-json\/wp\/v2\/comments?post=299"}],"version-history":[{"count":2,"href":"https:\/\/eventos.ifg.edu.br\/culturasnegras\/wp-json\/wp\/v2\/posts\/299\/revisions"}],"predecessor-version":[{"id":304,"href":"https:\/\/eventos.ifg.edu.br\/culturasnegras\/wp-json\/wp\/v2\/posts\/299\/revisions\/304"}],"wp:featuredmedia":[{"embeddable":true,"href":"https:\/\/eventos.ifg.edu.br\/culturasnegras\/wp-json\/wp\/v2\/media\/300"}],"wp:attachment":[{"href":"https:\/\/eventos.ifg.edu.br\/culturasnegras\/wp-json\/wp\/v2\/media?parent=299"}],"wp:term":[{"taxonomy":"category","embeddable":true,"href":"https:\/\/eventos.ifg.edu.br\/culturasnegras\/wp-json\/wp\/v2\/categories?post=299"},{"taxonomy":"post_tag","embeddable":true,"href":"https:\/\/eventos.ifg.edu.br\/culturasnegras\/wp-json\/wp\/v2\/tags?post=299"}],"curies":[{"name":"wp","href":"https:\/\/api.w.org\/{rel}","templated":true}]}}