{"id":294,"date":"2017-12-02T12:46:00","date_gmt":"2017-12-02T14:46:00","guid":{"rendered":"https:\/\/eventos.ifg.edu.br\/culturasnegras\/?p=294"},"modified":"2026-04-28T11:49:27","modified_gmt":"2026-04-28T14:49:27","slug":"larissa-luz-realiza-espetaculo-marcante-no-iii-encontro-de-culturas-negras","status":"publish","type":"post","link":"https:\/\/eventos.ifg.edu.br\/culturasnegras\/2017\/12\/02\/larissa-luz-realiza-espetaculo-marcante-no-iii-encontro-de-culturas-negras\/","title":{"rendered":"Larissa Luz realiza espet\u00e1culo marcante no III Encontro de Culturas Negras"},"content":{"rendered":"\n<h4 class=\"wp-block-heading\">Performance da artista apresentou as m\u00fasicas de seu \u00faltimo \u00e1lbum, <em>Territ\u00f3rio Conquistado<\/em><\/h4>\n\n\n\n<p>Larissa Luz escreveu o enredo do III Encontro de Culturas Negras durante seu espet\u00e1culo no evento, realizado na noite de ontem, 2, em linhas pintadas de luta, enfrentamento e negritude. A plateia, composta por representantes dos c\u00e2mpus do IFG e membros da comunidade local, dividiu a aten\u00e7\u00e3o entre a performance exuberante da cantora e a pr\u00f3pria vontade de dan\u00e7ar.<\/p>\n\n\n\n<p>Relembrar a apresenta\u00e7\u00e3o de Larissa apenas pelo seu repert\u00f3rio \u00e9 fazer vista grossa \u00e0 artista impacto total que se apresentou no Encontro. E note que, de repert\u00f3rio, ela n\u00e3o deve nada a ningu\u00e9m &#8211; com&nbsp;<em>Territ\u00f3rio Conquistado<\/em>, seu \u00faltimo \u00e1lbum, Larissa foi indicada ao Grammy Latino 2016, na categoria Melhor \u00c1lbum de Pop Contempor\u00e2neo em L\u00edngua Portuguesa.<\/p>\n\n\n\n<p>Larissa entrou em palco encapuzada, como um lutador que presta rever\u00eancia ao seu territ\u00f3rio \u2013 ao seu terreiro \u2013 de combate, tirando a plateia do ch\u00e3o com uma percuss\u00e3o vibrante, guitarras distorcidas e arranjos eletr\u00f4nicos. N\u00e3o \u00e9 sempre que se v\u00ea uma artista com express\u00e3o de palco t\u00e3o lacerante, digna dos pesos pesados da m\u00fasica pop brasileira.<\/p>\n\n\n\n<p>Por tr\u00e1s de sua capa, o figurino seguiu as tonalidades provocantes e confrontadoras que permeiam o seu trabalho. O collant prata e preto, o par de botas salto alto e de cano at\u00e9 os joelhos, chamaram a aten\u00e7\u00e3o do p\u00fablico para a mensagem de empoderamento da artista, anunciada, cheia de gracejos, junto \u00e0 m\u00fasica Meu Sexo &#8211; \u201cE quem disse que \u00e9 pra voc\u00ea?\u201d.<\/p>\n\n\n\n<p>Mas o figurino de Larissa brilha mais em seu cabelo, exibindo duas tran\u00e7as longas, at\u00e9 a cintura, e que amarram no corpo a representa\u00e7\u00e3o da identidade negra. Em sua performance de Bonecas Pretas,&nbsp; a compositora deu seu grito pela invas\u00e3o da pele preta nas est\u00e2ncias de representa\u00e7\u00e3o e por transforma\u00e7\u00e3o.<\/p>\n\n\n\n<p>Acompanhada por um par de dan\u00e7arinas, a artista mostrou o traquejo de sempre na voz , mantendo um tom de voz forte, bem modulado e seguro, mesmo nos momentos mais intensos da coreografia, tamb\u00e9m cheia de significados. O p\u00fablico manifestou-se aos gritos frente a um trecho da coreografia, marcada por movimentos rob\u00f3ticos, num jogo sobre a objetifica\u00e7\u00e3o do corpo feminino.<\/p>\n\n\n\n<figure data-wp-context=\"{&quot;uploadedSrc&quot;:&quot;https:\\\/\\\/eventos.ifg.edu.br\\\/culturasnegras\\\/wp-content\\\/uploads\\\/sites\\\/60\\\/2026\\\/04\\\/la2.png&quot;,&quot;figureClassNames&quot;:&quot;wp-block-image aligncenter size-full is-resized&quot;,&quot;figureStyles&quot;:null,&quot;imgClassNames&quot;:&quot;wp-image-296&quot;,&quot;imgStyles&quot;:&quot;width:378px;height:auto&quot;,&quot;targetWidth&quot;:864,&quot;targetHeight&quot;:648,&quot;scaleAttr&quot;:false,&quot;ariaLabel&quot;:&quot;Aumentar imagem&quot;,&quot;alt&quot;:&quot;&quot;}\" data-wp-interactive=\"core\/image\" class=\"wp-block-image aligncenter size-full is-resized wp-lightbox-container\"><img fetchpriority=\"high\" decoding=\"async\" width=\"864\" height=\"648\" data-wp-init=\"callbacks.setButtonStyles\" data-wp-on-async--click=\"actions.showLightbox\" data-wp-on-async--load=\"callbacks.setButtonStyles\" data-wp-on-async-window--resize=\"callbacks.setButtonStyles\" src=\"https:\/\/eventos.ifg.edu.br\/culturasnegras\/wp-content\/uploads\/sites\/60\/2026\/04\/la2.png\" alt=\"\" class=\"wp-image-296\" style=\"width:378px;height:auto\" srcset=\"https:\/\/eventos.ifg.edu.br\/culturasnegras\/wp-content\/uploads\/sites\/60\/2026\/04\/la2.png 864w, https:\/\/eventos.ifg.edu.br\/culturasnegras\/wp-content\/uploads\/sites\/60\/2026\/04\/la2-300x225.png 300w, https:\/\/eventos.ifg.edu.br\/culturasnegras\/wp-content\/uploads\/sites\/60\/2026\/04\/la2-768x576.png 768w\" sizes=\"(max-width: 864px) 100vw, 864px\" \/><button\n\t\t\tclass=\"lightbox-trigger\"\n\t\t\ttype=\"button\"\n\t\t\taria-haspopup=\"dialog\"\n\t\t\taria-label=\"Aumentar imagem\"\n\t\t\tdata-wp-init=\"callbacks.initTriggerButton\"\n\t\t\tdata-wp-on-async--click=\"actions.showLightbox\"\n\t\t\tdata-wp-style--right=\"context.imageButtonRight\"\n\t\t\tdata-wp-style--top=\"context.imageButtonTop\"\n\t\t>\n\t\t\t<svg xmlns=\"http:\/\/www.w3.org\/2000\/svg\" width=\"12\" height=\"12\" fill=\"none\" viewBox=\"0 0 12 12\">\n\t\t\t\t<path fill=\"#fff\" d=\"M2 0a2 2 0 0 0-2 2v2h1.5V2a.5.5 0 0 1 .5-.5h2V0H2Zm2 10.5H2a.5.5 0 0 1-.5-.5V8H0v2a2 2 0 0 0 2 2h2v-1.5ZM8 12v-1.5h2a.5.5 0 0 0 .5-.5V8H12v2a2 2 0 0 1-2 2H8Zm2-12a2 2 0 0 1 2 2v2h-1.5V2a.5.5 0 0 0-.5-.5H8V0h2Z\" \/>\n\t\t\t<\/svg>\n\t\t<\/button><\/figure>\n\n\n\n<p>Fazendo uma pausa necess\u00e1ria no ritmo extasiante do show, Larissa adere\u00e7ou diretamente o p\u00fablico do Encontro e urgiu a luta pelos direitos, representatividade e respeito dos negros. Citando Elza Soares, &#8220;a carne mais barata do mercado \u00e9 a carne negra &#8211; agora n\u00e3o \u00e9 mais!&#8221;, declarou Larissa. &#8220;Agora, a gente tem o poder de dizer &#8211; parem de nos matar!&#8221;, concluiu Larissa, de forma contundente.<\/p>\n\n\n\n<p>Em todas as caracter\u00edsticas marcantes de Larissa Luz, como cantora, compositora e mulher militante das causas \u00e9tnicas e de g\u00eanero, a artista ofereceu um retrato cantado com perfei\u00e7\u00e3o, redigido em&nbsp;<em>Letras Negras,&nbsp;<\/em>da for\u00e7a que subjaz e move o Encontro. Vendo o p\u00fablico do evento ao fim do de Larissa Luz, era un\u00e2nime &#8211; a artista deixou marcas permanentes no Encontro de Culturas Negras.<\/p>\n\n\n\n<p><em>Coordena\u00e7\u00e3o de Comunica\u00e7\u00e3o Social\/C\u00e2mpus Urua\u00e7u.<\/em><\/p>\n\n\n\n<p><\/p>\n\n\n\n<p>Fonte: <a href=\"https:\/\/www.ifg.edu.br\/ultimas-noticias\/17-ifg\/ultimas-noticias\/6290\">https:\/\/www.ifg.edu.br\/ultimas-noticias\/17-ifg\/ultimas-noticias\/6290<\/a><\/p>\n","protected":false},"excerpt":{"rendered":"<p>Performance da artista apresentou as m\u00fasicas de seu \u00faltimo \u00e1lbum, Territ\u00f3rio Conquistado Larissa Luz escreveu o enredo do III Encontro de Culturas Negras durante seu espet\u00e1culo no evento, realizado na noite de ontem, 2, em linhas pintadas de luta, enfrentamento e negritude. A plateia, composta por representantes dos c\u00e2mpus do IFG e membros da comunidade [&hellip;]<\/p>\n","protected":false},"author":134,"featured_media":295,"comment_status":"closed","ping_status":"open","sticky":false,"template":"","format":"standard","meta":{"ngg_post_thumbnail":0,"footnotes":""},"categories":[1],"tags":[],"class_list":["post-294","post","type-post","status-publish","format-standard","has-post-thumbnail","hentry","category-noticias"],"_links":{"self":[{"href":"https:\/\/eventos.ifg.edu.br\/culturasnegras\/wp-json\/wp\/v2\/posts\/294"}],"collection":[{"href":"https:\/\/eventos.ifg.edu.br\/culturasnegras\/wp-json\/wp\/v2\/posts"}],"about":[{"href":"https:\/\/eventos.ifg.edu.br\/culturasnegras\/wp-json\/wp\/v2\/types\/post"}],"author":[{"embeddable":true,"href":"https:\/\/eventos.ifg.edu.br\/culturasnegras\/wp-json\/wp\/v2\/users\/134"}],"replies":[{"embeddable":true,"href":"https:\/\/eventos.ifg.edu.br\/culturasnegras\/wp-json\/wp\/v2\/comments?post=294"}],"version-history":[{"count":1,"href":"https:\/\/eventos.ifg.edu.br\/culturasnegras\/wp-json\/wp\/v2\/posts\/294\/revisions"}],"predecessor-version":[{"id":297,"href":"https:\/\/eventos.ifg.edu.br\/culturasnegras\/wp-json\/wp\/v2\/posts\/294\/revisions\/297"}],"wp:featuredmedia":[{"embeddable":true,"href":"https:\/\/eventos.ifg.edu.br\/culturasnegras\/wp-json\/wp\/v2\/media\/295"}],"wp:attachment":[{"href":"https:\/\/eventos.ifg.edu.br\/culturasnegras\/wp-json\/wp\/v2\/media?parent=294"}],"wp:term":[{"taxonomy":"category","embeddable":true,"href":"https:\/\/eventos.ifg.edu.br\/culturasnegras\/wp-json\/wp\/v2\/categories?post=294"},{"taxonomy":"post_tag","embeddable":true,"href":"https:\/\/eventos.ifg.edu.br\/culturasnegras\/wp-json\/wp\/v2\/tags?post=294"}],"curies":[{"name":"wp","href":"https:\/\/api.w.org\/{rel}","templated":true}]}}