{"id":289,"date":"2017-12-02T11:35:00","date_gmt":"2017-12-02T13:35:00","guid":{"rendered":"https:\/\/eventos.ifg.edu.br\/culturasnegras\/?p=289"},"modified":"2026-04-28T11:43:32","modified_gmt":"2026-04-28T14:43:32","slug":"encontro-de-culturas-negras-promove-a-exaltacao-e-a-celebracao-da-beleza","status":"publish","type":"post","link":"https:\/\/eventos.ifg.edu.br\/culturasnegras\/2017\/12\/02\/encontro-de-culturas-negras-promove-a-exaltacao-e-a-celebracao-da-beleza\/","title":{"rendered":"Encontro de Culturas Negras promove a exalta\u00e7\u00e3o e a celebra\u00e7\u00e3o da beleza"},"content":{"rendered":"\n<h4 class=\"wp-block-heading\">Por meio de exposi\u00e7\u00f5es, oficinas e at\u00e9 mesmo desfile, o belo, em todas as suas formas, \u00e9 celebrado no C\u00e2mpus Urua\u00e7u<\/h4>\n\n\n\n<p>O III Encontro de Culturas Negras e o IV Semin\u00e1rio de Educa\u00e7\u00e3o para as Rela\u00e7\u00f5es \u00c9tnico-Raciais do Instituto Federal de Goi\u00e1s est\u00e3o promovendo uma verdadeira celebra\u00e7\u00e3o da beleza no C\u00e2mpus Urua\u00e7u. Na noite desta sexta-feira, pen\u00faltimo dia dos eventos da Institui\u00e7\u00e3o, isso ficou bastante claro com o desfile coordenado pela aluna do C\u00e2mpus e presidente do Gr\u00eamio Estudantil, Andressa Pina, que promoveu um desfile que surgiu como uma afirma\u00e7\u00e3o da diversidade do belo.<\/p>\n\n\n\n<p>Andressa Pina conta que a proposta do desfile foi constru\u00edda com estudantes da Institui\u00e7\u00e3o e com a comunidade externa. \u201cA ideia do desfile desta edi\u00e7\u00e3o do Encontro foi sistematizada com a comunidade estudantil, mas tamb\u00e9m com a comunidade externa.&#8221; Foi fundamental para a realiza\u00e7\u00e3o do desfile a presidente da Comunidade Quilombola Jo\u00e3o Borges Vieira e representante dos povos tradicionais de Goi\u00e1s, Domingas Gouveia de Carvalho. \u201cMuitas das meninas que participaram do desfile est\u00e3o sempre nas atividades da comunidade quilombola e, por essa raz\u00e3o, quiseram participar. Elas queriam mostrar e, sobretudo, exaltar a beleza negra, a beleza do nosso povo. E isso foi levado para&nbsp; comunidade por meio da Domingas\u201d.<\/p>\n\n\n\n<figure class=\"wp-block-image size-full\"><img fetchpriority=\"high\" decoding=\"async\" width=\"867\" height=\"960\" src=\"http:\/\/eventos.ifg.edu.br\/culturasnegras\/wp-content\/uploads\/sites\/60\/2026\/04\/Tauane_desfile.jpg\" alt=\"\" class=\"wp-image-291\" srcset=\"https:\/\/eventos.ifg.edu.br\/culturasnegras\/wp-content\/uploads\/sites\/60\/2026\/04\/Tauane_desfile.jpg 867w, https:\/\/eventos.ifg.edu.br\/culturasnegras\/wp-content\/uploads\/sites\/60\/2026\/04\/Tauane_desfile-271x300.jpg 271w, https:\/\/eventos.ifg.edu.br\/culturasnegras\/wp-content\/uploads\/sites\/60\/2026\/04\/Tauane_desfile-768x850.jpg 768w\" sizes=\"(max-width: 867px) 100vw, 867px\" \/><figcaption class=\"wp-element-caption\">Tauane Gomes durante o desfile realizado durante o III Encontro de Culturas Negras<\/figcaption><\/figure>\n\n\n\n<p>Uma das jovens que participou do desfile j\u00e1 conhece um pouco do ambiente das passarelas. Miss Beleza Negra 2015 da cidade de Urua\u00e7u, Tauane Gomes, aluna do Col\u00e9gio Polivalente, conta que ficou sabendo do desfile na Comunidade Quilombola a partir de Domingas. A jovem quis participar pois, segundo ela, &#8220;trata-se de uma chance de mostrar para os jovens a necessidade de se ter orgulho de ser o que se \u00e9; \u00e9 uma forma de dar o exemplo.&#8221; A jovem ainda ressaltou que, \u201cal\u00e9m da afirma\u00e7\u00e3o e da exalta\u00e7\u00e3o da beleza de cada um, \u00e9 importante divulgar o amor por quem somos. E esse desfile \u00e9 um ato de amor: o amor ao outro, \u00e0 nossa beleza, \u00e0 nossa cor, \u00e0s nossas particularidades\u201d.<\/p>\n\n\n\n<p>Reafirmando o posicionamento defendido pelo professor Eduardo David de Oliveira, da Universidade Federal da Bahia, que participou de confer\u00eancias ao longo do evento, Andressa Pina chamou aten\u00e7\u00e3o para o fato de que \u00e9 preciso valorizar as diferen\u00e7as e ter uma verdadeira sensibilidade para apreender a beleza do outro. \u201cO desfile foi uma proposta para celebrar e exaltar a beleza de todos que quisessem participar, por isso foi pautado na diversidade e no respeito. Foi uma verdadeira celebra\u00e7\u00e3o da diversidade\u201d.<\/p>\n\n\n\n<p><strong>Fotografia &#8220;Com Ci\u00eancia Negra&#8221;<\/strong><br>Dialogando com a ideia de celebrar a diversidade da beleza, por meio da professora Marcia Costa do C\u00e2mpus Cidade de Goi\u00e1s, o p\u00fablico do Encontro de Culturas Negras tem a oportunidade de ver a exposi\u00e7\u00e3o \u201cCom Ci\u00eancia Negra\u201d. De acordo com sua idealizadora, ela parte da representa\u00e7\u00e3o de algumas pessoas negras da Cidade de Goi\u00e1s inseridas num contexto bastante significativo local. \u201cTentei captar, com essas fotografias, a rela\u00e7\u00e3o dessas pessoas significativas a partir de suas rela\u00e7\u00f5es com aquilo que elas fazem em suas vidas. S\u00e3o pessoas que trazem uma beleza singular em seus pequenos gestos e a\u00e7\u00f5es, pessoas que t\u00eam uma significa\u00e7\u00e3o singular e que puderam ser vistas e se enxergar em uma exposi\u00e7\u00e3o\u201d.<\/p>\n\n\n\n<figure class=\"wp-block-image size-full\"><img decoding=\"async\" width=\"960\" height=\"640\" src=\"http:\/\/eventos.ifg.edu.br\/culturasnegras\/wp-content\/uploads\/sites\/60\/2026\/04\/Professora_Marta.jpg\" alt=\"\" class=\"wp-image-292\" srcset=\"https:\/\/eventos.ifg.edu.br\/culturasnegras\/wp-content\/uploads\/sites\/60\/2026\/04\/Professora_Marta.jpg 960w, https:\/\/eventos.ifg.edu.br\/culturasnegras\/wp-content\/uploads\/sites\/60\/2026\/04\/Professora_Marta-300x200.jpg 300w, https:\/\/eventos.ifg.edu.br\/culturasnegras\/wp-content\/uploads\/sites\/60\/2026\/04\/Professora_Marta-768x512.jpg 768w\" sizes=\"(max-width: 960px) 100vw, 960px\" \/><figcaption class=\"wp-element-caption\">Professora Marcia Costa fala sobre suas fotografias<\/figcaption><\/figure>\n\n\n\n<p>Feitas no ano de 2015, as fotos j\u00e1 passaram por algumas exposi\u00e7\u00f5es. Uma bastante interessante foi instalada nas principais ruas da Cidade de Goi\u00e1s, pr\u00f3ximo \u00e0 Casa de Coralina. \u201cFoi uma oportunidade de exaltar os negros da Cidade de Goi\u00e1s, uma oportunidade de celebrar a beleza dessas pessoas e deixar registrado suas imagens para a posteridade.\u201d As fotos da exposi\u00e7\u00e3o, espalhadas em banners ao longo do p\u00e1tio do C\u00e2mpus Urua\u00e7u, podem ser conferidas em nossa&nbsp;<a href=\"https:\/\/www.facebook.com\/IFG.oficial\/\">p\u00e1gina do Facebook<\/a>.<br><br>Al\u00e9m do desfile, da exposi\u00e7\u00e3o fotogr\u00e1fica, o Encontro de Culturas Negras tem promovido a celebra\u00e7\u00e3o da beleza por meio de debates reflexivos a partir da afirma\u00e7\u00e3o da import\u00e2ncia da diversidade e do respeito. Nesse sentido, t\u00eam sido tamb\u00e9m realizadas oficinas que proporcionam o entendimento e a valoriza\u00e7\u00e3o do uso de alguns elementos significativos para a cultura negra, como as tran\u00e7as, os dreads, os turbantes e outros adere\u00e7os. Pensando nesses eventos como um todo, Andressa Pina sintetiza o Encontro dizendo &#8220;que ele \u00e9 uma oportunidade \u00fanica de celebrar, exaltar e entender a nossa cultura&#8221;.<\/p>\n\n\n\n<p><br><strong>Encontro de Culturas<\/strong><br>Neste s\u00e1bado ainda tem muita atividade no III Encontro de Culturas Negras. De acordo com a programa\u00e7\u00e3o, o p\u00fablico pode conferir batalhas de Mcs, comunica\u00e7\u00f5es coordenadas, relatos de experi\u00eancia, oficinas e minicursos. \u00c0 tarde, ser\u00e1 realizado o lan\u00e7amento do livro\u00a0<em>Tradi\u00e7\u00f5es da Terra<\/em>,\u00a0 organizado pela Pr\u00f3-Reitoria de Extens\u00e3o do IFG. Al\u00e9m do lan\u00e7amento, ser\u00e3o realizadas apresenta\u00e7\u00f5es de comunidades locais.<br><br><br><a href=\"https:\/\/www.facebook.com\/pg\/IFG.oficial\/photos\/?tab=album&amp;album_id=1974005939294349\">Acesse nosso Facebook<\/a>\u00a0e confira fotos e v\u00eddeos dos eventos.<\/p>\n\n\n\n<p><a href=\"https:\/\/www.facebook.com\/media\/set\/?set=a.1972611289433814&amp;type=3\">1\u00ba dia<\/a>\u00a0\/\u00a0<a href=\"https:\/\/www.facebook.com\/media\/set\/?set=a.1974005939294349&amp;type=3\">2\u00ba dia<\/a>\u00a0\/\u00a0<a href=\"https:\/\/www.facebook.com\/media\/set\/?set=a.1975550009139942&amp;type=3\">3\u00ba dia<\/a><br><br><br><br><em>Diretoria de Comunica\u00e7\u00e3o Social\/ Reitoria.<\/em><\/p>\n\n\n\n<p><\/p>\n\n\n\n<p>Fonte: <a href=\"https:\/\/www.ifg.edu.br\/ultimas-noticias\/17-ifg\/ultimas-noticias\/6288\">https:\/\/www.ifg.edu.br\/ultimas-noticias\/17-ifg\/ultimas-noticias\/6288<\/a><\/p>\n","protected":false},"excerpt":{"rendered":"<p>Por meio de exposi\u00e7\u00f5es, oficinas e at\u00e9 mesmo desfile, o belo, em todas as suas formas, \u00e9 celebrado no C\u00e2mpus Urua\u00e7u O III Encontro de Culturas Negras e o IV Semin\u00e1rio de Educa\u00e7\u00e3o para as Rela\u00e7\u00f5es \u00c9tnico-Raciais do Instituto Federal de Goi\u00e1s est\u00e3o promovendo uma verdadeira celebra\u00e7\u00e3o da beleza no C\u00e2mpus Urua\u00e7u. Na noite desta [&hellip;]<\/p>\n","protected":false},"author":134,"featured_media":290,"comment_status":"closed","ping_status":"open","sticky":false,"template":"","format":"standard","meta":{"ngg_post_thumbnail":0,"footnotes":""},"categories":[1],"tags":[],"class_list":["post-289","post","type-post","status-publish","format-standard","has-post-thumbnail","hentry","category-noticias"],"_links":{"self":[{"href":"https:\/\/eventos.ifg.edu.br\/culturasnegras\/wp-json\/wp\/v2\/posts\/289"}],"collection":[{"href":"https:\/\/eventos.ifg.edu.br\/culturasnegras\/wp-json\/wp\/v2\/posts"}],"about":[{"href":"https:\/\/eventos.ifg.edu.br\/culturasnegras\/wp-json\/wp\/v2\/types\/post"}],"author":[{"embeddable":true,"href":"https:\/\/eventos.ifg.edu.br\/culturasnegras\/wp-json\/wp\/v2\/users\/134"}],"replies":[{"embeddable":true,"href":"https:\/\/eventos.ifg.edu.br\/culturasnegras\/wp-json\/wp\/v2\/comments?post=289"}],"version-history":[{"count":1,"href":"https:\/\/eventos.ifg.edu.br\/culturasnegras\/wp-json\/wp\/v2\/posts\/289\/revisions"}],"predecessor-version":[{"id":293,"href":"https:\/\/eventos.ifg.edu.br\/culturasnegras\/wp-json\/wp\/v2\/posts\/289\/revisions\/293"}],"wp:featuredmedia":[{"embeddable":true,"href":"https:\/\/eventos.ifg.edu.br\/culturasnegras\/wp-json\/wp\/v2\/media\/290"}],"wp:attachment":[{"href":"https:\/\/eventos.ifg.edu.br\/culturasnegras\/wp-json\/wp\/v2\/media?parent=289"}],"wp:term":[{"taxonomy":"category","embeddable":true,"href":"https:\/\/eventos.ifg.edu.br\/culturasnegras\/wp-json\/wp\/v2\/categories?post=289"},{"taxonomy":"post_tag","embeddable":true,"href":"https:\/\/eventos.ifg.edu.br\/culturasnegras\/wp-json\/wp\/v2\/tags?post=289"}],"curies":[{"name":"wp","href":"https:\/\/api.w.org\/{rel}","templated":true}]}}