{"id":286,"date":"2017-12-01T10:31:00","date_gmt":"2017-12-01T12:31:00","guid":{"rendered":"https:\/\/eventos.ifg.edu.br\/culturasnegras\/?p=286"},"modified":"2026-04-28T11:36:52","modified_gmt":"2026-04-28T14:36:52","slug":"show-de-kika-ribeiro-encerra-primeiro-dia-do-iii-encontro-de-culturas-negras","status":"publish","type":"post","link":"https:\/\/eventos.ifg.edu.br\/culturasnegras\/2017\/12\/01\/show-de-kika-ribeiro-encerra-primeiro-dia-do-iii-encontro-de-culturas-negras\/","title":{"rendered":"Show de Kika Ribeiro encerra primeiro dia do III Encontro de Culturas Negras"},"content":{"rendered":"\n<h4 class=\"wp-block-heading\">Plateia dan\u00e7ou e cantou os cl\u00e1ssicos do samba de raiz e composi\u00e7\u00f5es autorais da cantora<\/h4>\n\n\n\n<p>O encerramento do primeiro dia do III Encontro de Culturas Negras foi responsabilidade da cantora e compositora brasiliense, Kika Ribeiro, que, com muito talento, samba e gingado, cativou e fez o p\u00fablico dan\u00e7ar na noite de ontem, 30.<\/p>\n\n\n\n<p>Com uma carreira repleta de experi\u00eancias diversas, Kika j\u00e1 passou por muitos estilos musicais, da mpb, o rock e o reggae, mas salienta que seu cora\u00e7\u00e3o mora no samba. \u201cEu sou muito pela raiz do samba, essa pegada negra mesmo\u201d, conta Kika.<\/p>\n\n\n\n<p>O repert\u00f3rio do show, realizado no C\u00e2mpus Urua\u00e7u do IFG, mostrou bem as influencias da cantora, com m\u00fasicas de grandes \u00edcones do samba, como Clara Nunes e Candeia. Mas a maior parte das m\u00fasicas apresentadas foram autorais e est\u00e3o presentes no pr\u00f3ximo \u00e1lbum de Kika, Negra do Cabelo Raiz.<\/p>\n\n\n\n<p>Kika Ribeiro entrou em palco ao clamor do p\u00fablico, que respondeu aos versos da m\u00fasica Pele Negra, composi\u00e7\u00e3o de Kika Ribeiro, que chama pela \u201cPele negra, salgada de \u00e1gua do mar!\u201d. A m\u00fasica deu o tom de resgate da ancestralidade negra \u00e0 apresenta\u00e7\u00e3o, que permaneceu por todo o show.<\/p>\n\n\n\n<p>\u201c\u00c9 uma m\u00fasica que fala de Iemanj\u00e1. Eu gosto muito de falar dos fundamentos, de terreiro, de santo, nossa ancestralidade\u201d, a compositora revela.<\/p>\n\n\n\n<p>Kika tamb\u00e9m contagiou a plateia ao soltar a voz para contar a receita de ser feliz, com a m\u00fasica Receita, tamb\u00e9m de sua composi\u00e7\u00e3o. \u201cO samba tem essa energia gostosa, \u00e9 muito sensual\u201d, defende Kika, que esbanja feminilidade nas composi\u00e7\u00f5es e em sua performance.<\/p>\n\n\n\n<p>Segundo a artista, \u201c\u00e9 um privil\u00e9gio participar de um evento como esse [III Encontro de Culturas Negras], \u00e9 dif\u00edcil a pessoa carente ter a oportunidade de conhecer tantas culturas e experi\u00eancias diferentes\u201d.<\/p>\n\n\n\n<p>Kika tamb\u00e9m agradece ao \u201cpresente de tocar para o p\u00fablico desse evento, levar m\u00fasica para uma institui\u00e7\u00e3o [IFG] com tantos seguimentos sociais, culturais, tantos universos\u201d, e promete voltar nas pr\u00f3ximas edi\u00e7\u00f5es. Mas foram os ideais de equidade, diversidade e a cultura brasileira de ra\u00edz, no sangue de trabalho da compositora, que a plateia do III Encontro de Culturas Negras aplaudiu.<\/p>\n\n\n\n<p><em>Coordena\u00e7\u00e3o de Comunica\u00e7\u00e3o Social\/C\u00e2mpus Urua\u00e7u.<\/em><\/p>\n\n\n\n<p><\/p>\n\n\n\n<p>Fonte: <a href=\"https:\/\/www.ifg.edu.br\/ultimas-noticias\/17-ifg\/ultimas-noticias\/6263\">https:\/\/www.ifg.edu.br\/ultimas-noticias\/17-ifg\/ultimas-noticias\/6263<\/a><\/p>\n","protected":false},"excerpt":{"rendered":"<p>Plateia dan\u00e7ou e cantou os cl\u00e1ssicos do samba de raiz e composi\u00e7\u00f5es autorais da cantora O encerramento do primeiro dia do III Encontro de Culturas Negras foi responsabilidade da cantora e compositora brasiliense, Kika Ribeiro, que, com muito talento, samba e gingado, cativou e fez o p\u00fablico dan\u00e7ar na noite de ontem, 30. Com uma [&hellip;]<\/p>\n","protected":false},"author":134,"featured_media":287,"comment_status":"closed","ping_status":"open","sticky":false,"template":"","format":"standard","meta":{"ngg_post_thumbnail":0,"footnotes":""},"categories":[1],"tags":[],"class_list":["post-286","post","type-post","status-publish","format-standard","has-post-thumbnail","hentry","category-noticias"],"_links":{"self":[{"href":"https:\/\/eventos.ifg.edu.br\/culturasnegras\/wp-json\/wp\/v2\/posts\/286"}],"collection":[{"href":"https:\/\/eventos.ifg.edu.br\/culturasnegras\/wp-json\/wp\/v2\/posts"}],"about":[{"href":"https:\/\/eventos.ifg.edu.br\/culturasnegras\/wp-json\/wp\/v2\/types\/post"}],"author":[{"embeddable":true,"href":"https:\/\/eventos.ifg.edu.br\/culturasnegras\/wp-json\/wp\/v2\/users\/134"}],"replies":[{"embeddable":true,"href":"https:\/\/eventos.ifg.edu.br\/culturasnegras\/wp-json\/wp\/v2\/comments?post=286"}],"version-history":[{"count":1,"href":"https:\/\/eventos.ifg.edu.br\/culturasnegras\/wp-json\/wp\/v2\/posts\/286\/revisions"}],"predecessor-version":[{"id":288,"href":"https:\/\/eventos.ifg.edu.br\/culturasnegras\/wp-json\/wp\/v2\/posts\/286\/revisions\/288"}],"wp:featuredmedia":[{"embeddable":true,"href":"https:\/\/eventos.ifg.edu.br\/culturasnegras\/wp-json\/wp\/v2\/media\/287"}],"wp:attachment":[{"href":"https:\/\/eventos.ifg.edu.br\/culturasnegras\/wp-json\/wp\/v2\/media?parent=286"}],"wp:term":[{"taxonomy":"category","embeddable":true,"href":"https:\/\/eventos.ifg.edu.br\/culturasnegras\/wp-json\/wp\/v2\/categories?post=286"},{"taxonomy":"post_tag","embeddable":true,"href":"https:\/\/eventos.ifg.edu.br\/culturasnegras\/wp-json\/wp\/v2\/tags?post=286"}],"curies":[{"name":"wp","href":"https:\/\/api.w.org\/{rel}","templated":true}]}}