{"id":281,"date":"2017-11-30T19:26:00","date_gmt":"2017-11-30T21:26:00","guid":{"rendered":"https:\/\/eventos.ifg.edu.br\/culturasnegras\/?p=281"},"modified":"2026-04-28T11:32:21","modified_gmt":"2026-04-28T14:32:21","slug":"oficinas-e-mesas-de-dialogos-sao-destaques-no-primeiro-dia-do-encontro-de-culturas-negras","status":"publish","type":"post","link":"https:\/\/eventos.ifg.edu.br\/culturasnegras\/2017\/11\/30\/oficinas-e-mesas-de-dialogos-sao-destaques-no-primeiro-dia-do-encontro-de-culturas-negras\/","title":{"rendered":"Oficinas e mesas de di\u00e1logos s\u00e3o destaques no primeiro dia do Encontro de Culturas Negras"},"content":{"rendered":"\n<h4 class=\"wp-block-heading\">Arte, m\u00fasica e discuss\u00f5es sobre pol\u00edticas p\u00fablicas marcam primeiro dia do evento no C\u00e2mpus Urua\u00e7u<\/h4>\n\n\n\n<p>Come\u00e7ou nesta quinta-feira, 30 de novembro, mais uma edi\u00e7\u00e3o do Encontro de Culturas Negras do Instituto Federal de Goi\u00e1s e do Semin\u00e1rio de Educa\u00e7\u00e3o para as Rela\u00e7\u00f5es \u00c9tnico-Raciais. Sediados no C\u00e3mpus Urua\u00e7u, os eventos trazem como pauta principal a discuss\u00e3o sobre as rela\u00e7\u00f5es inter-raciais.<br><br>Este primeiro dia de Encontro de Culturas Negras veio acompanhado de muita chuva, mas tamb\u00e9m de muita empolga\u00e7\u00e3o de servidores, estudantes e do p\u00fablico externo que prestigiam o concorrido evento. Nesta tarde, seguindo a programa\u00e7\u00e3o, foram realizados minicursos, roda de conversa e algumas oficinas. Entre estas \u00faltimas, estava a concorrida oficina de percuss\u00e3o brasileira com instrumentos alternativos.<\/p>\n\n\n\n<p><br><strong>Instrumentos alternativos<\/strong><br>Ab\u00edlio Carrascal, docente do C\u00e2mpus \u00c1guas Lindas da disciplina de Artes, revela que a oficina que ele ministra originou-se a partir da ideia de propor um di\u00e1logo: \u201chavia a ideia de dialogar com v\u00e1rios contextos nos quais os jovens est\u00e3o inseridos, propondo uma sensibiliza\u00e7\u00e3o no que diz respeito \u00e0 produ\u00e7\u00e3o de arte e tamb\u00e9m de m\u00fasica\u201d.<\/p>\n\n\n\n<figure class=\"wp-block-image size-large\"><img fetchpriority=\"high\" decoding=\"async\" width=\"1024\" height=\"683\" src=\"http:\/\/eventos.ifg.edu.br\/culturasnegras\/wp-content\/uploads\/sites\/60\/2026\/04\/ProfessorAblio-1024x683.jpg\" alt=\"\" class=\"wp-image-283\" srcset=\"https:\/\/eventos.ifg.edu.br\/culturasnegras\/wp-content\/uploads\/sites\/60\/2026\/04\/ProfessorAblio-1024x683.jpg 1024w, https:\/\/eventos.ifg.edu.br\/culturasnegras\/wp-content\/uploads\/sites\/60\/2026\/04\/ProfessorAblio-300x200.jpg 300w, https:\/\/eventos.ifg.edu.br\/culturasnegras\/wp-content\/uploads\/sites\/60\/2026\/04\/ProfessorAblio-768x512.jpg 768w, https:\/\/eventos.ifg.edu.br\/culturasnegras\/wp-content\/uploads\/sites\/60\/2026\/04\/ProfessorAblio.jpg 1296w\" sizes=\"(max-width: 1024px) 100vw, 1024px\" \/><figcaption class=\"wp-element-caption\">Professor Ab\u00edlio orienta aluno durante a oficina de percuss\u00e3o<\/figcaption><\/figure>\n\n\n\n<p>Trabalhando com v\u00e1rios tipos musicais tradicionais que t\u00eam em sua base a influ\u00eancia negra, como o maracatu, o samba reggae, a marchinha e a ciranda pernambucana, o professor ressalta que esta \u00e9 uma oportunidade de propor uma atividade l\u00fadica, propondo uma introdu\u00e7\u00e3o \u00e0 forma\u00e7\u00e3o musical e \u00e0 produ\u00e7\u00e3o de m\u00fasica. Pela diversidade de materiais com os quais trabalha, o professor tamb\u00e9m chama aten\u00e7\u00e3o para o fato de que a oficina trabalha nos jovens a quest\u00e3o ambiental, uma vez que os materiais usados na confec\u00e7\u00e3o dos instrumentos s\u00e3o originados a partir do reaproveitamento e da reciclagem de material, a partir do reuso de tampinhas, tambores, toneis, latas diversas. \u201cAssim, conseguimos, al\u00e9m de propor ideias no que tange a formar um gosto musical, educar para a arte e sobretudo propor uma ressignifica\u00e7\u00e3o de determinadas quest\u00f5es relacionadas \u00e0 arte e \u00e0 m\u00fasica. Mais do que isso, os discentes percebem que eles podem criar m\u00fasica de um jeito muito original, usando materiais que eles podem pegar em casa\u201d.<\/p>\n\n\n\n<p><br><strong>Conscientiza\u00e7\u00e3o e pol\u00edticas<\/strong><br>No per\u00edodo vespertino, tamb\u00e9m foi realizada uma roda de conversas com pr\u00f3-reitores do IFG. Mediada pela professora \u00c1dria Borges, que tamb\u00e9m \u00e9 uma das coordenadoras da Comiss\u00e3o Permanente de Implementa\u00e7\u00e3o de Pol\u00edticas de Igualdade \u00c9tnico-raciais (CPPIR) da Institui\u00e7\u00e3o, o di\u00e1logo contou com a presen\u00e7a dos pr\u00f3-reitores de Ensino, Oneida Cristina Irigon; de Pesquisa e P\u00f3s-Gradua\u00e7\u00e3o, \u00c9cio Naves Duarte; de Desenvolvimento Institucional, Amaury Fran\u00e7a Ara\u00fajo; e de Extens\u00e3o, Daniel Silva Barbosa.<\/p>\n\n\n\n<figure class=\"wp-block-image size-large\"><img decoding=\"async\" width=\"1024\" height=\"683\" src=\"http:\/\/eventos.ifg.edu.br\/culturasnegras\/wp-content\/uploads\/sites\/60\/2026\/04\/pr-reitores-1024x683.jpg\" alt=\"\" class=\"wp-image-284\" srcset=\"https:\/\/eventos.ifg.edu.br\/culturasnegras\/wp-content\/uploads\/sites\/60\/2026\/04\/pr-reitores-1024x683.jpg 1024w, https:\/\/eventos.ifg.edu.br\/culturasnegras\/wp-content\/uploads\/sites\/60\/2026\/04\/pr-reitores-300x200.jpg 300w, https:\/\/eventos.ifg.edu.br\/culturasnegras\/wp-content\/uploads\/sites\/60\/2026\/04\/pr-reitores-768x512.jpg 768w, https:\/\/eventos.ifg.edu.br\/culturasnegras\/wp-content\/uploads\/sites\/60\/2026\/04\/pr-reitores.jpg 1296w\" sizes=\"(max-width: 1024px) 100vw, 1024px\" \/><figcaption class=\"wp-element-caption\">Pr\u00f3-reitores do IFG falam sobre as pol\u00edticas de igualdade no \u00e2mbito da Institui\u00e7\u00e3o<\/figcaption><\/figure>\n\n\n\n<p>Durante essa primeira mesa de di\u00e1logos realizada no evento, os professores ressaltaram a necessidade de pensar a respeito das metas e desafios no \u00e2mbito das rela\u00e7\u00f5es inter-raciais. Para o pr\u00f3-reitor de Extens\u00e3o, Daniel Barbosa, conhecer a realidade da discrimina\u00e7\u00e3o sofrida pelos negros, a desigualdade presente no pa\u00eds e lidar com os problemas do racismo presentes na sociedade \u00e9 algo fundamental. Para o professor, \u201cn\u00e3o basta propiciar acesso aos estudantes: \u00e9 preciso garantir qualidade educacional para todos\u201d.<br><br>Os pr\u00f3-reitores presentes, em suas falas, tamb\u00e9m chamaram aten\u00e7\u00e3o para o fato de que h\u00e1 alguns avan\u00e7os no \u00e2mbito das pol\u00edticas institucionais, mas h\u00e1 ainda uma s\u00e9rie de quest\u00f5es que precisam ser efetivadas. Outros di\u00e1logos a respeito das Pol\u00edticas de Igualdade \u00c9tnico-Racial ainda ocorrer\u00e3o ao longo do evento.<br><\/p>\n\n\n\n<p><strong>Programa\u00e7\u00e3o noturna<\/strong><br>Ainda hoje, ser\u00e3o realizadas a solenidade e a confer\u00eancia de abertura do III Encontro de Culturas Negras. A solenidade contar\u00e1 com a presen\u00e7a de diversos gestores da Institui\u00e7\u00e3o. A confer\u00eancia, por sua vez, traz o tema \u201cEduca\u00e7\u00e3o afro, democracia e os desafios no Brasil contempor\u00e2neo\u201d e ser\u00e1 ministrada pelo professor da Universidade Federal da Bahia, Eduardo David de Oliveira. Posteriormente, ser\u00e1 realizado show no p\u00e1tio da Institui\u00e7\u00e3o com Kika Ribeiro.<\/p>\n\n\n\n<p>Confira outras fotos do evento em nossa p\u00e1gina da Facebook:<\/p>\n\n\n\n<p><a href=\"https:\/\/www.facebook.com\/media\/set\/?set=a.1972611289433814&amp;type=3\">1\u00ba dia<\/a> \/ <a href=\"https:\/\/www.facebook.com\/media\/set\/?set=a.1974005939294349&amp;type=3\">2\u00ba dia<\/a> \/ <a href=\"https:\/\/www.facebook.com\/media\/set\/?set=a.1975550009139942&amp;type=3\">3\u00ba dia<\/a><br><br><br><br><em>Diretoria de Comunica\u00e7\u00e3o Social\/ Reitoria.<\/em><\/p>\n\n\n\n<p><\/p>\n\n\n\n<p>Fonte: <a href=\"https:\/\/www.ifg.edu.br\/ultimas-noticias\/17-ifg\/ultimas-noticias\/6244\">https:\/\/www.ifg.edu.br\/ultimas-noticias\/17-ifg\/ultimas-noticias\/6244<\/a><\/p>\n","protected":false},"excerpt":{"rendered":"<p>Arte, m\u00fasica e discuss\u00f5es sobre pol\u00edticas p\u00fablicas marcam primeiro dia do evento no C\u00e2mpus Urua\u00e7u Come\u00e7ou nesta quinta-feira, 30 de novembro, mais uma edi\u00e7\u00e3o do Encontro de Culturas Negras do Instituto Federal de Goi\u00e1s e do Semin\u00e1rio de Educa\u00e7\u00e3o para as Rela\u00e7\u00f5es \u00c9tnico-Raciais. Sediados no C\u00e3mpus Urua\u00e7u, os eventos trazem como pauta principal a discuss\u00e3o [&hellip;]<\/p>\n","protected":false},"author":134,"featured_media":282,"comment_status":"closed","ping_status":"open","sticky":false,"template":"","format":"standard","meta":{"ngg_post_thumbnail":0,"footnotes":""},"categories":[1],"tags":[],"class_list":["post-281","post","type-post","status-publish","format-standard","has-post-thumbnail","hentry","category-noticias"],"_links":{"self":[{"href":"https:\/\/eventos.ifg.edu.br\/culturasnegras\/wp-json\/wp\/v2\/posts\/281"}],"collection":[{"href":"https:\/\/eventos.ifg.edu.br\/culturasnegras\/wp-json\/wp\/v2\/posts"}],"about":[{"href":"https:\/\/eventos.ifg.edu.br\/culturasnegras\/wp-json\/wp\/v2\/types\/post"}],"author":[{"embeddable":true,"href":"https:\/\/eventos.ifg.edu.br\/culturasnegras\/wp-json\/wp\/v2\/users\/134"}],"replies":[{"embeddable":true,"href":"https:\/\/eventos.ifg.edu.br\/culturasnegras\/wp-json\/wp\/v2\/comments?post=281"}],"version-history":[{"count":1,"href":"https:\/\/eventos.ifg.edu.br\/culturasnegras\/wp-json\/wp\/v2\/posts\/281\/revisions"}],"predecessor-version":[{"id":285,"href":"https:\/\/eventos.ifg.edu.br\/culturasnegras\/wp-json\/wp\/v2\/posts\/281\/revisions\/285"}],"wp:featuredmedia":[{"embeddable":true,"href":"https:\/\/eventos.ifg.edu.br\/culturasnegras\/wp-json\/wp\/v2\/media\/282"}],"wp:attachment":[{"href":"https:\/\/eventos.ifg.edu.br\/culturasnegras\/wp-json\/wp\/v2\/media?parent=281"}],"wp:term":[{"taxonomy":"category","embeddable":true,"href":"https:\/\/eventos.ifg.edu.br\/culturasnegras\/wp-json\/wp\/v2\/categories?post=281"},{"taxonomy":"post_tag","embeddable":true,"href":"https:\/\/eventos.ifg.edu.br\/culturasnegras\/wp-json\/wp\/v2\/tags?post=281"}],"curies":[{"name":"wp","href":"https:\/\/api.w.org\/{rel}","templated":true}]}}