{"id":277,"date":"2017-11-30T09:00:00","date_gmt":"2017-11-30T11:00:00","guid":{"rendered":"https:\/\/eventos.ifg.edu.br\/culturasnegras\/?p=277"},"modified":"2026-04-28T11:18:20","modified_gmt":"2026-04-28T14:18:20","slug":"iii-encontro-de-culturas-negras-comeca-hoje-em-uruacu","status":"publish","type":"post","link":"https:\/\/eventos.ifg.edu.br\/culturasnegras\/2017\/11\/30\/iii-encontro-de-culturas-negras-comeca-hoje-em-uruacu\/","title":{"rendered":"III Encontro de Culturas Negras come\u00e7a hoje, em Urua\u00e7u"},"content":{"rendered":"\n<h4 class=\"wp-block-heading\">Programa\u00e7\u00e3o contempla atividades como oficinas, minicursos, mesa-redonda, rodas de conversa e v\u00e1rias apresenta\u00e7\u00f5es culturais<\/h4>\n\n\n\n<p>O dia de hoje, 30, j\u00e1 come\u00e7ou agitado no C\u00e2mpus Urua\u00e7u do Instituto Federal de Goi\u00e1s (IFG), com in\u00edcio das atividades do III Encontro de Culturas Negras, evento&nbsp;realizado em comemora\u00e7\u00e3o ao Dia da Consci\u00eancia Negra (20 de novembro). At\u00e9 o meio-dia ocorre a Mostra de Cinema Afro, com Cei\u00e7a Ferreira, da Universidade Estadual de Goi\u00e1s (UEG). A abertura oficial do Encontro ser\u00e1 \u00e0s 19 horas, com presen\u00e7a do reitor do IFG, professor Jer\u00f4nimo Rodrigues da Silva, apresenta\u00e7\u00e3o de dan\u00e7a afro, com Juliana Jardel e Eliete Miranda, tudo no c\u00e2mpus. Ap\u00f3s as falas, haver\u00e1 a confer\u00eancia&nbsp;<em>Educa\u00e7\u00e3o Afro, Democracia e os Desafios no Brasil Contempor\u00e2neo<\/em>, a ser proferida pelo professor da Universidade Federal da Bahia&nbsp;(UFBA), Eduardo David de Oliveira.<\/p>\n\n\n\n<p>Na tarde de hoje, das 14 \u00e0s 20 horas, ser\u00e1 realizada a feira multicultural no p\u00e1tio do c\u00e2mpus. \u00c0s 14 horas, ter\u00e1 uma mesa de di\u00e1logos: I<em>FG e Implementa\u00e7\u00e3o das PPIR<\/em>, com participa\u00e7\u00e3o das pr\u00f3-reitorias da Institui\u00e7\u00e3o. Tamb\u00e9m \u00e0s 14 horas ocorrer\u00e3o as oficinas e minicurso, que j\u00e1 tiveram as inscri\u00e7\u00f5es feitas previamente.<\/p>\n\n\n\n<p>\u00c0s 17 horas ser\u00e1 realizada uma roda de conversa, com o tema:&nbsp;<em>Educa\u00e7\u00e3o Afrocentrada \u2013 experi\u00eancias negras<\/em>, com os professores Eduardo de Oliveira (UFBA) e Roseane Ramos&nbsp;e Dainda Quilombola; al\u00e9m de mostra de cinema afro novamente. A noite terminar\u00e1 com show musical da sambista&nbsp;Kika Ribeiro, no p\u00e1tio do c\u00e2mpus.&nbsp;Todas as atividades do Encontro de Culutras Negras est\u00e3o abertas ao p\u00fablico e s\u00e3o gratuitas.<\/p>\n\n\n\n<p><a href=\"http:\/\/ifg.edu.br\/attachments\/article\/6127\/Folder-1.png\">Veja a programa\u00e7\u00e3o completa de hoje e amanh\u00e3.<\/a><\/p>\n\n\n\n<p><a href=\"http:\/\/ifg.edu.br\/attachments\/article\/6127\/Folder-1b.png\">Veja a programa\u00e7\u00e3o completa do dia 2\/12.<\/a><\/p>\n\n\n\n<p><\/p>\n\n\n\n<p><\/p>\n\n\n\n<p><em>Diretoria de Comunica\u00e7\u00e3o Social\/Reitoria.<\/em><\/p>\n\n\n\n<p><\/p>\n\n\n\n<p>Fonte: <a href=\"https:\/\/www.ifg.edu.br\/ultimas-noticias\/17-ifg\/ultimas-noticias\/6222\">https:\/\/www.ifg.edu.br\/ultimas-noticias\/17-ifg\/ultimas-noticias\/6222<\/a><\/p>\n","protected":false},"excerpt":{"rendered":"<p>Programa\u00e7\u00e3o contempla atividades como oficinas, minicursos, mesa-redonda, rodas de conversa e v\u00e1rias apresenta\u00e7\u00f5es culturais O dia de hoje, 30, j\u00e1 come\u00e7ou agitado no C\u00e2mpus Urua\u00e7u do Instituto Federal de Goi\u00e1s (IFG), com in\u00edcio das atividades do III Encontro de Culturas Negras, evento&nbsp;realizado em comemora\u00e7\u00e3o ao Dia da Consci\u00eancia Negra (20 de novembro). At\u00e9 o meio-dia [&hellip;]<\/p>\n","protected":false},"author":134,"featured_media":264,"comment_status":"closed","ping_status":"open","sticky":false,"template":"","format":"standard","meta":{"ngg_post_thumbnail":0,"footnotes":""},"categories":[1],"tags":[],"class_list":["post-277","post","type-post","status-publish","format-standard","has-post-thumbnail","hentry","category-noticias"],"_links":{"self":[{"href":"https:\/\/eventos.ifg.edu.br\/culturasnegras\/wp-json\/wp\/v2\/posts\/277"}],"collection":[{"href":"https:\/\/eventos.ifg.edu.br\/culturasnegras\/wp-json\/wp\/v2\/posts"}],"about":[{"href":"https:\/\/eventos.ifg.edu.br\/culturasnegras\/wp-json\/wp\/v2\/types\/post"}],"author":[{"embeddable":true,"href":"https:\/\/eventos.ifg.edu.br\/culturasnegras\/wp-json\/wp\/v2\/users\/134"}],"replies":[{"embeddable":true,"href":"https:\/\/eventos.ifg.edu.br\/culturasnegras\/wp-json\/wp\/v2\/comments?post=277"}],"version-history":[{"count":3,"href":"https:\/\/eventos.ifg.edu.br\/culturasnegras\/wp-json\/wp\/v2\/posts\/277\/revisions"}],"predecessor-version":[{"id":280,"href":"https:\/\/eventos.ifg.edu.br\/culturasnegras\/wp-json\/wp\/v2\/posts\/277\/revisions\/280"}],"wp:featuredmedia":[{"embeddable":true,"href":"https:\/\/eventos.ifg.edu.br\/culturasnegras\/wp-json\/wp\/v2\/media\/264"}],"wp:attachment":[{"href":"https:\/\/eventos.ifg.edu.br\/culturasnegras\/wp-json\/wp\/v2\/media?parent=277"}],"wp:term":[{"taxonomy":"category","embeddable":true,"href":"https:\/\/eventos.ifg.edu.br\/culturasnegras\/wp-json\/wp\/v2\/categories?post=277"},{"taxonomy":"post_tag","embeddable":true,"href":"https:\/\/eventos.ifg.edu.br\/culturasnegras\/wp-json\/wp\/v2\/tags?post=277"}],"curies":[{"name":"wp","href":"https:\/\/api.w.org\/{rel}","templated":true}]}}