{"id":270,"date":"2017-11-01T18:46:00","date_gmt":"2017-11-01T20:46:00","guid":{"rendered":"https:\/\/eventos.ifg.edu.br\/culturasnegras\/?p=270"},"modified":"2026-04-28T11:08:59","modified_gmt":"2026-04-28T14:08:59","slug":"submissoes-de-trabalhos-para-o-iv-seminario-de-educacao-para-as-relacoes-etnico-raciais-podem-ser-realizadas-ate-o-dia-15","status":"publish","type":"post","link":"https:\/\/eventos.ifg.edu.br\/culturasnegras\/2017\/11\/01\/submissoes-de-trabalhos-para-o-iv-seminario-de-educacao-para-as-relacoes-etnico-raciais-podem-ser-realizadas-ate-o-dia-15\/","title":{"rendered":"Submiss\u00f5es de trabalhos at\u00e9 o dia 15"},"content":{"rendered":"\n<h4 class=\"wp-block-heading\">Submiss\u00f5es de trabalhos para o IV Semin\u00e1rio de Educa\u00e7\u00e3o para as Rela\u00e7\u00f5es \u00c9tnico-raciais podem ser realizadas at\u00e9 o dia 15<\/h4>\n\n\n\n<p>Interessados em apresentar trabalhos no IV Semin\u00e1rio de Educa\u00e7\u00e3o para as Rela\u00e7\u00f5es \u00c9tnico-raciais do Instituto Federal de Goi\u00e1s podem submeter suas pesquisas at\u00e9 o dia 15 de novembro. O semin\u00e1rio faz parte da programa\u00e7\u00e3o do III Encontro de Culturas Negras e ser\u00e1 realizado no C\u00e2mpus Urua\u00e7u, entre os dias 30 de novembro e 02 de dezembro de 2017.<\/p>\n\n\n\n<p>De acordo com a&nbsp;<a href=\"http:\/\/ifg.edu.br\/eventos-extensao\">Chamada P\u00fablica<\/a>&nbsp;que disp\u00f5e sobre o regulamento das submiss\u00f5es, h\u00e1 duas modalidades de participa\u00e7\u00e3o: comunica\u00e7\u00f5es coordenadas e relatos de experi\u00eancias. Nas comunica\u00e7\u00f5es coordenadas, ser\u00e3o aceitas propostas de trabalho que resultam de pesquisas emp\u00edricas ou de reflex\u00f5es te\u00f3ricas ligadas \u00e0s quest\u00f5es \u00e9tnicas e raciais. A sess\u00e3o de relatos de experi\u00eancia abriga propostas de trabalho que devem descrever pr\u00e1ticas realizadas no \u00e2mbito de a\u00e7\u00f5es de ensino, pesquisa, extens\u00e3o, bem como em contextos de educa\u00e7\u00e3o n\u00e3o formal ou em contextos culturais espec\u00edficos, que contenham, preferencialmente, alguma rela\u00e7\u00e3o com a aplica\u00e7\u00e3o das Leis 10.639\/03 e 11.645\/08, que determinam a obrigatoriedade do ensino de hist\u00f3ria e cultura afrobrasileira e ind\u00edgena na educa\u00e7\u00e3o b\u00e1sica.<\/p>\n\n\n\n<p><strong>Submiss\u00e3o<\/strong><\/p>\n\n\n\n<p>Pode submeter seus trabalhos tanto a comunidade interna do IFG (estudantes, docentes e servidores\/as t\u00e9cnico-administrativos) quanto a comunidade externa (professores e estudantes das redes p\u00fablicas e privada de ensino, estudiosos da tem\u00e1tica \u00e9tnica e racial e interessados em geral).<\/p>\n\n\n\n<p>Os proponentes podem enviar somente uma proposta de trabalho, sendo comunica\u00e7\u00e3o coordenada ou relato de experi\u00eancia. Poder\u00e3o ser submetidas propostas de trabalho em coautoria. O resumo simples do trabalho dever\u00e1 apresentar o t\u00edtulo, nome dos\/as autores\/as, filia\u00e7\u00e3o institucional e contar com, no m\u00e1ximo, 2.000 caracteres com espa\u00e7os. Quem tiver interesse em publicar o seu trabalho nos anais do evento deve enviar resumo expandido at\u00e9 a data limite indicada no cronograma da Chamada P\u00fablica.<\/p>\n\n\n\n<p>Os trabalhos dever\u00e3o ser enviados para o e-mail&nbsp;<a href=\"mailto:encontroculturasnegras@gmail.com\">encontroculturasnegras@gmail.com<\/a>&nbsp;. As regras para participa\u00e7\u00e3o podem ser acessadas no documento de Chamada P\u00fablica dispon\u00edvel no site da Proex. A lista de trabalhos aprovados ser\u00e1 divulgada no site do IFG, e os autores ser\u00e3o notificados por e-mail.<\/p>\n\n\n\n<p><a href=\"http:\/\/ifg.edu.br\/eventos-extensao\">Acesse o site da Proex e confira a Chamada P\u00fablica.<\/a><\/p>\n\n\n\n<p><em>Diretoria de Comunica\u00e7\u00e3o Social \/ Reitoria.<\/em><\/p>\n\n\n\n<p><\/p>\n\n\n\n<p>Fonte: <a href=\"https:\/\/www.ifg.edu.br\/component\/content\/article\/17-ifg\/ultimas-noticias\/5718-submissoes-seminario\">https:\/\/www.ifg.edu.br\/component\/content\/article\/17-ifg\/ultimas-noticias\/5718-submissoes-seminario<\/a><\/p>\n","protected":false},"excerpt":{"rendered":"<p>Submiss\u00f5es de trabalhos para o IV Semin\u00e1rio de Educa\u00e7\u00e3o para as Rela\u00e7\u00f5es \u00c9tnico-raciais podem ser realizadas at\u00e9 o dia 15 Interessados em apresentar trabalhos no IV Semin\u00e1rio de Educa\u00e7\u00e3o para as Rela\u00e7\u00f5es \u00c9tnico-raciais do Instituto Federal de Goi\u00e1s podem submeter suas pesquisas at\u00e9 o dia 15 de novembro. O semin\u00e1rio faz parte da programa\u00e7\u00e3o do [&hellip;]<\/p>\n","protected":false},"author":134,"featured_media":271,"comment_status":"closed","ping_status":"open","sticky":false,"template":"","format":"standard","meta":{"ngg_post_thumbnail":0,"footnotes":""},"categories":[1],"tags":[],"class_list":["post-270","post","type-post","status-publish","format-standard","has-post-thumbnail","hentry","category-noticias"],"_links":{"self":[{"href":"https:\/\/eventos.ifg.edu.br\/culturasnegras\/wp-json\/wp\/v2\/posts\/270"}],"collection":[{"href":"https:\/\/eventos.ifg.edu.br\/culturasnegras\/wp-json\/wp\/v2\/posts"}],"about":[{"href":"https:\/\/eventos.ifg.edu.br\/culturasnegras\/wp-json\/wp\/v2\/types\/post"}],"author":[{"embeddable":true,"href":"https:\/\/eventos.ifg.edu.br\/culturasnegras\/wp-json\/wp\/v2\/users\/134"}],"replies":[{"embeddable":true,"href":"https:\/\/eventos.ifg.edu.br\/culturasnegras\/wp-json\/wp\/v2\/comments?post=270"}],"version-history":[{"count":3,"href":"https:\/\/eventos.ifg.edu.br\/culturasnegras\/wp-json\/wp\/v2\/posts\/270\/revisions"}],"predecessor-version":[{"id":274,"href":"https:\/\/eventos.ifg.edu.br\/culturasnegras\/wp-json\/wp\/v2\/posts\/270\/revisions\/274"}],"wp:featuredmedia":[{"embeddable":true,"href":"https:\/\/eventos.ifg.edu.br\/culturasnegras\/wp-json\/wp\/v2\/media\/271"}],"wp:attachment":[{"href":"https:\/\/eventos.ifg.edu.br\/culturasnegras\/wp-json\/wp\/v2\/media?parent=270"}],"wp:term":[{"taxonomy":"category","embeddable":true,"href":"https:\/\/eventos.ifg.edu.br\/culturasnegras\/wp-json\/wp\/v2\/categories?post=270"},{"taxonomy":"post_tag","embeddable":true,"href":"https:\/\/eventos.ifg.edu.br\/culturasnegras\/wp-json\/wp\/v2\/tags?post=270"}],"curies":[{"name":"wp","href":"https:\/\/api.w.org\/{rel}","templated":true}]}}