{"id":263,"date":"2017-11-28T10:40:00","date_gmt":"2017-11-28T12:40:00","guid":{"rendered":"https:\/\/eventos.ifg.edu.br\/culturasnegras\/?p=263"},"modified":"2026-04-28T11:03:32","modified_gmt":"2026-04-28T14:03:32","slug":"inscricoes-abertas-para-iii-encontro-de-culturas-negras","status":"publish","type":"post","link":"https:\/\/eventos.ifg.edu.br\/culturasnegras\/2017\/11\/28\/inscricoes-abertas-para-iii-encontro-de-culturas-negras\/","title":{"rendered":"Inscri\u00e7\u00f5es abertas para III Encontro de Culturas Negras"},"content":{"rendered":"\n<h5 class=\"wp-block-heading\">Evento ser\u00e1 realizado no C\u00e2mpus Urua\u00e7u do IFG<\/h5>\n\n\n\n<p>Est\u00e3o abertas at\u00e9 o dia 28 de novembro as inscri\u00e7\u00f5es para as atividades da programa\u00e7\u00e3o do III Encontro de Culturas Negras, evento que ocorrer\u00e1 de 30 de novembro a 2 de dezembro de 2017, em Urua\u00e7u. As inscri\u00e7\u00f5es podem ser feitas por estudantes, servidores e tamb\u00e9m \u00e9 aberta \u00e0 comunidade externa ao IFG, exclusivamente pela <a href=\"https:\/\/sugep.ifg.edu.br\/eventos\/#\/eventos\/inscricao\/e2414b3c-22e4-412e-9d9f-7b17bf64fc6f\">internet<\/a>. Ao se cadastrar, o usu\u00e1rio receber\u00e1 login e senha para acessar\u00a0o sistema e\u00a0se inscrever nas atividades do evento.\u00a0<\/p>\n\n\n\n<p>Pela programa\u00e7\u00e3o, ocorrer\u00e1 dentro do Encontro o IV Semin\u00e1rio de Educa\u00e7\u00e3o para as Rela\u00e7\u00f5es \u00c9tnico-Raciais e o Congresso de Estudantes do IFG, ambos com inscri\u00e7\u00f5es separadas.&nbsp;O Congresso ser\u00e1 realizado no dia 30, das 16 \u00e0s 18 horas; dia 1\u00ba\/12, das 8 \u00e0s 12 horas e das 14 \u00e0s 18 horas; e no dia 2, das 8 \u00e0s 12 horas.<\/p>\n\n\n\n<p>A programa\u00e7\u00e3o do Encontro contempla oficinas, mesas-redondas, mostra de cinema, confer\u00eancia, minicurso, shows, roda de conversa e apresenta\u00e7\u00f5es culturais.<\/p>\n\n\n\n<p>Mais informa\u00e7\u00f5es sobre o evento podem ser obtidas pelo telefone: (62) 3357-8163.<\/p>\n\n\n\n<p><a href=\"https:\/\/sugep.ifg.edu.br\/eventos\/#\/eventos\/inscricao\/e2414b3c-22e4-412e-9d9f-7b17bf64fc6f\">Fa\u00e7a sua inscri\u00e7\u00e3o para participar do evento.<\/a><\/p>\n\n\n\n<p><strong>Programa\u00e7\u00e3o<\/strong><\/p>\n\n\n\n<figure data-wp-context=\"{&quot;uploadedSrc&quot;:&quot;https:\\\/\\\/eventos.ifg.edu.br\\\/culturasnegras\\\/wp-content\\\/uploads\\\/sites\\\/60\\\/2026\\\/04\\\/folder1-III-ECN.png&quot;,&quot;figureClassNames&quot;:&quot;wp-block-image size-large&quot;,&quot;figureStyles&quot;:null,&quot;imgClassNames&quot;:&quot;wp-image-265&quot;,&quot;imgStyles&quot;:null,&quot;targetWidth&quot;:4724,&quot;targetHeight&quot;:2480,&quot;scaleAttr&quot;:false,&quot;ariaLabel&quot;:&quot;Aumentar imagem&quot;,&quot;alt&quot;:&quot;&quot;}\" data-wp-interactive=\"core\/image\" class=\"wp-block-image size-large wp-lightbox-container\"><img fetchpriority=\"high\" decoding=\"async\" width=\"1024\" height=\"538\" data-wp-init=\"callbacks.setButtonStyles\" data-wp-on-async--click=\"actions.showLightbox\" data-wp-on-async--load=\"callbacks.setButtonStyles\" data-wp-on-async-window--resize=\"callbacks.setButtonStyles\" src=\"http:\/\/eventos.ifg.edu.br\/culturasnegras\/wp-content\/uploads\/sites\/60\/2026\/04\/folder1-III-ECN-1024x538.png\" alt=\"\" class=\"wp-image-265\" srcset=\"https:\/\/eventos.ifg.edu.br\/culturasnegras\/wp-content\/uploads\/sites\/60\/2026\/04\/folder1-III-ECN-1024x538.png 1024w, https:\/\/eventos.ifg.edu.br\/culturasnegras\/wp-content\/uploads\/sites\/60\/2026\/04\/folder1-III-ECN-300x157.png 300w, https:\/\/eventos.ifg.edu.br\/culturasnegras\/wp-content\/uploads\/sites\/60\/2026\/04\/folder1-III-ECN-768x403.png 768w, https:\/\/eventos.ifg.edu.br\/culturasnegras\/wp-content\/uploads\/sites\/60\/2026\/04\/folder1-III-ECN-1536x806.png 1536w, https:\/\/eventos.ifg.edu.br\/culturasnegras\/wp-content\/uploads\/sites\/60\/2026\/04\/folder1-III-ECN-2048x1075.png 2048w, https:\/\/eventos.ifg.edu.br\/culturasnegras\/wp-content\/uploads\/sites\/60\/2026\/04\/folder1-III-ECN-1920x1008.png 1920w\" sizes=\"(max-width: 1024px) 100vw, 1024px\" \/><button\n\t\t\tclass=\"lightbox-trigger\"\n\t\t\ttype=\"button\"\n\t\t\taria-haspopup=\"dialog\"\n\t\t\taria-label=\"Aumentar imagem\"\n\t\t\tdata-wp-init=\"callbacks.initTriggerButton\"\n\t\t\tdata-wp-on-async--click=\"actions.showLightbox\"\n\t\t\tdata-wp-style--right=\"context.imageButtonRight\"\n\t\t\tdata-wp-style--top=\"context.imageButtonTop\"\n\t\t>\n\t\t\t<svg xmlns=\"http:\/\/www.w3.org\/2000\/svg\" width=\"12\" height=\"12\" fill=\"none\" viewBox=\"0 0 12 12\">\n\t\t\t\t<path fill=\"#fff\" d=\"M2 0a2 2 0 0 0-2 2v2h1.5V2a.5.5 0 0 1 .5-.5h2V0H2Zm2 10.5H2a.5.5 0 0 1-.5-.5V8H0v2a2 2 0 0 0 2 2h2v-1.5ZM8 12v-1.5h2a.5.5 0 0 0 .5-.5V8H12v2a2 2 0 0 1-2 2H8Zm2-12a2 2 0 0 1 2 2v2h-1.5V2a.5.5 0 0 0-.5-.5H8V0h2Z\" \/>\n\t\t\t<\/svg>\n\t\t<\/button><\/figure>\n\n\n\n<figure data-wp-context=\"{&quot;uploadedSrc&quot;:&quot;https:\\\/\\\/eventos.ifg.edu.br\\\/culturasnegras\\\/wp-content\\\/uploads\\\/sites\\\/60\\\/2026\\\/04\\\/folder2-III-ECN.png&quot;,&quot;figureClassNames&quot;:&quot;wp-block-image size-large&quot;,&quot;figureStyles&quot;:null,&quot;imgClassNames&quot;:&quot;wp-image-266&quot;,&quot;imgStyles&quot;:null,&quot;targetWidth&quot;:4724,&quot;targetHeight&quot;:2480,&quot;scaleAttr&quot;:false,&quot;ariaLabel&quot;:&quot;Aumentar imagem&quot;,&quot;alt&quot;:&quot;&quot;}\" data-wp-interactive=\"core\/image\" class=\"wp-block-image size-large wp-lightbox-container\"><img decoding=\"async\" width=\"1024\" height=\"538\" data-wp-init=\"callbacks.setButtonStyles\" data-wp-on-async--click=\"actions.showLightbox\" data-wp-on-async--load=\"callbacks.setButtonStyles\" data-wp-on-async-window--resize=\"callbacks.setButtonStyles\" src=\"http:\/\/eventos.ifg.edu.br\/culturasnegras\/wp-content\/uploads\/sites\/60\/2026\/04\/folder2-III-ECN-1024x538.png\" alt=\"\" class=\"wp-image-266\" srcset=\"https:\/\/eventos.ifg.edu.br\/culturasnegras\/wp-content\/uploads\/sites\/60\/2026\/04\/folder2-III-ECN-1024x538.png 1024w, https:\/\/eventos.ifg.edu.br\/culturasnegras\/wp-content\/uploads\/sites\/60\/2026\/04\/folder2-III-ECN-300x157.png 300w, https:\/\/eventos.ifg.edu.br\/culturasnegras\/wp-content\/uploads\/sites\/60\/2026\/04\/folder2-III-ECN-768x403.png 768w, https:\/\/eventos.ifg.edu.br\/culturasnegras\/wp-content\/uploads\/sites\/60\/2026\/04\/folder2-III-ECN-1536x806.png 1536w, https:\/\/eventos.ifg.edu.br\/culturasnegras\/wp-content\/uploads\/sites\/60\/2026\/04\/folder2-III-ECN-2048x1075.png 2048w, https:\/\/eventos.ifg.edu.br\/culturasnegras\/wp-content\/uploads\/sites\/60\/2026\/04\/folder2-III-ECN-1920x1008.png 1920w\" sizes=\"(max-width: 1024px) 100vw, 1024px\" \/><button\n\t\t\tclass=\"lightbox-trigger\"\n\t\t\ttype=\"button\"\n\t\t\taria-haspopup=\"dialog\"\n\t\t\taria-label=\"Aumentar imagem\"\n\t\t\tdata-wp-init=\"callbacks.initTriggerButton\"\n\t\t\tdata-wp-on-async--click=\"actions.showLightbox\"\n\t\t\tdata-wp-style--right=\"context.imageButtonRight\"\n\t\t\tdata-wp-style--top=\"context.imageButtonTop\"\n\t\t>\n\t\t\t<svg xmlns=\"http:\/\/www.w3.org\/2000\/svg\" width=\"12\" height=\"12\" fill=\"none\" viewBox=\"0 0 12 12\">\n\t\t\t\t<path fill=\"#fff\" d=\"M2 0a2 2 0 0 0-2 2v2h1.5V2a.5.5 0 0 1 .5-.5h2V0H2Zm2 10.5H2a.5.5 0 0 1-.5-.5V8H0v2a2 2 0 0 0 2 2h2v-1.5ZM8 12v-1.5h2a.5.5 0 0 0 .5-.5V8H12v2a2 2 0 0 1-2 2H8Zm2-12a2 2 0 0 1 2 2v2h-1.5V2a.5.5 0 0 0-.5-.5H8V0h2Z\" \/>\n\t\t\t<\/svg>\n\t\t<\/button><\/figure>\n\n\n\n<p><em>Diretoria de Comunica\u00e7\u00e3o Social\/Reitoria.<\/em><\/p>\n\n\n\n<p><\/p>\n\n\n\n<p>Fonte: <a href=\"https:\/\/www.ifg.edu.br\/ultimas-noticias\/17-ifg\/ultimas-noticias\/6094\">https:\/\/www.ifg.edu.br\/ultimas-noticias\/17-ifg\/ultimas-noticias\/6094<\/a><\/p>\n","protected":false},"excerpt":{"rendered":"<p>Evento ser\u00e1 realizado no C\u00e2mpus Urua\u00e7u do IFG Est\u00e3o abertas at\u00e9 o dia 28 de novembro as inscri\u00e7\u00f5es para as atividades da programa\u00e7\u00e3o do III Encontro de Culturas Negras, evento que ocorrer\u00e1 de 30 de novembro a 2 de dezembro de 2017, em Urua\u00e7u. As inscri\u00e7\u00f5es podem ser feitas por estudantes, servidores e tamb\u00e9m \u00e9 [&hellip;]<\/p>\n","protected":false},"author":134,"featured_media":264,"comment_status":"closed","ping_status":"open","sticky":false,"template":"","format":"standard","meta":{"ngg_post_thumbnail":0,"footnotes":""},"categories":[1],"tags":[],"class_list":["post-263","post","type-post","status-publish","format-standard","has-post-thumbnail","hentry","category-noticias"],"_links":{"self":[{"href":"https:\/\/eventos.ifg.edu.br\/culturasnegras\/wp-json\/wp\/v2\/posts\/263"}],"collection":[{"href":"https:\/\/eventos.ifg.edu.br\/culturasnegras\/wp-json\/wp\/v2\/posts"}],"about":[{"href":"https:\/\/eventos.ifg.edu.br\/culturasnegras\/wp-json\/wp\/v2\/types\/post"}],"author":[{"embeddable":true,"href":"https:\/\/eventos.ifg.edu.br\/culturasnegras\/wp-json\/wp\/v2\/users\/134"}],"replies":[{"embeddable":true,"href":"https:\/\/eventos.ifg.edu.br\/culturasnegras\/wp-json\/wp\/v2\/comments?post=263"}],"version-history":[{"count":3,"href":"https:\/\/eventos.ifg.edu.br\/culturasnegras\/wp-json\/wp\/v2\/posts\/263\/revisions"}],"predecessor-version":[{"id":269,"href":"https:\/\/eventos.ifg.edu.br\/culturasnegras\/wp-json\/wp\/v2\/posts\/263\/revisions\/269"}],"wp:featuredmedia":[{"embeddable":true,"href":"https:\/\/eventos.ifg.edu.br\/culturasnegras\/wp-json\/wp\/v2\/media\/264"}],"wp:attachment":[{"href":"https:\/\/eventos.ifg.edu.br\/culturasnegras\/wp-json\/wp\/v2\/media?parent=263"}],"wp:term":[{"taxonomy":"category","embeddable":true,"href":"https:\/\/eventos.ifg.edu.br\/culturasnegras\/wp-json\/wp\/v2\/categories?post=263"},{"taxonomy":"post_tag","embeddable":true,"href":"https:\/\/eventos.ifg.edu.br\/culturasnegras\/wp-json\/wp\/v2\/tags?post=263"}],"curies":[{"name":"wp","href":"https:\/\/api.w.org\/{rel}","templated":true}]}}