{"id":257,"date":"2015-11-30T08:45:00","date_gmt":"2015-11-30T10:45:00","guid":{"rendered":"https:\/\/eventos.ifg.edu.br\/culturasnegras\/?p=257"},"modified":"2026-04-22T23:02:02","modified_gmt":"2026-04-23T02:02:02","slug":"margareth-menezes-encerrou-2o-encontro-e-pediu-educacao-para-todos","status":"publish","type":"post","link":"https:\/\/eventos.ifg.edu.br\/culturasnegras\/2015\/11\/30\/margareth-menezes-encerrou-2o-encontro-e-pediu-educacao-para-todos\/","title":{"rendered":"Margareth Menezes encerrou 2\u00ba encontro e pediu \u201ceduca\u00e7\u00e3o para todos\u201d"},"content":{"rendered":"\n<p>A cantora baiana Margareth Menezes fez o show de encerramento do 2\u00ba Encontro de Culturas Negas do IFG, s\u00e1bado \u00e0 noite, em Urua\u00e7u. Ela trouxe para o palco can\u00e7\u00f5es do \u00faltimo DVD,\u00a0<em>Para Gil e Caetano<\/em>, gravado neste ano, no qual homenageia os dois compositores e cantores baianos.<\/p>\n\n\n\n<figure data-wp-context=\"{&quot;uploadedSrc&quot;:&quot;https:\\\/\\\/eventos.ifg.edu.br\\\/culturasnegras\\\/wp-content\\\/uploads\\\/sites\\\/60\\\/2026\\\/04\\\/show-encerramento-ecn2015.jpg&quot;,&quot;figureClassNames&quot;:&quot;wp-block-image aligncenter size-large is-resized&quot;,&quot;figureStyles&quot;:null,&quot;imgClassNames&quot;:&quot;wp-image-259&quot;,&quot;imgStyles&quot;:&quot;width:411px;height:auto&quot;,&quot;targetWidth&quot;:2000,&quot;targetHeight&quot;:1333,&quot;scaleAttr&quot;:false,&quot;ariaLabel&quot;:&quot;Aumentar imagem: Margareth Menezes encerra 2\\u00ba Encontro de Culturas Negras do IFG com show&quot;,&quot;alt&quot;:&quot;Margareth Menezes encerra 2\\u00ba Encontro de Culturas Negras do IFG com show&quot;}\" data-wp-interactive=\"core\/image\" class=\"wp-block-image aligncenter size-large is-resized wp-lightbox-container\"><img fetchpriority=\"high\" decoding=\"async\" width=\"1024\" height=\"682\" data-wp-init=\"callbacks.setButtonStyles\" data-wp-on-async--click=\"actions.showLightbox\" data-wp-on-async--load=\"callbacks.setButtonStyles\" data-wp-on-async-window--resize=\"callbacks.setButtonStyles\" src=\"http:\/\/eventos.ifg.edu.br\/culturasnegras\/wp-content\/uploads\/sites\/60\/2026\/04\/show-encerramento-ecn2015-1024x682.jpg\" alt=\"Margareth Menezes encerra 2\u00ba Encontro de Culturas Negras do IFG com show\" class=\"wp-image-259\" style=\"width:411px;height:auto\" srcset=\"https:\/\/eventos.ifg.edu.br\/culturasnegras\/wp-content\/uploads\/sites\/60\/2026\/04\/show-encerramento-ecn2015-1024x682.jpg 1024w, https:\/\/eventos.ifg.edu.br\/culturasnegras\/wp-content\/uploads\/sites\/60\/2026\/04\/show-encerramento-ecn2015-300x200.jpg 300w, https:\/\/eventos.ifg.edu.br\/culturasnegras\/wp-content\/uploads\/sites\/60\/2026\/04\/show-encerramento-ecn2015-768x512.jpg 768w, https:\/\/eventos.ifg.edu.br\/culturasnegras\/wp-content\/uploads\/sites\/60\/2026\/04\/show-encerramento-ecn2015-1536x1024.jpg 1536w, https:\/\/eventos.ifg.edu.br\/culturasnegras\/wp-content\/uploads\/sites\/60\/2026\/04\/show-encerramento-ecn2015-1920x1280.jpg 1920w, https:\/\/eventos.ifg.edu.br\/culturasnegras\/wp-content\/uploads\/sites\/60\/2026\/04\/show-encerramento-ecn2015.jpg 2000w\" sizes=\"(max-width: 1024px) 100vw, 1024px\" \/><button\n\t\t\tclass=\"lightbox-trigger\"\n\t\t\ttype=\"button\"\n\t\t\taria-haspopup=\"dialog\"\n\t\t\taria-label=\"Aumentar imagem: Margareth Menezes encerra 2\u00ba Encontro de Culturas Negras do IFG com show\"\n\t\t\tdata-wp-init=\"callbacks.initTriggerButton\"\n\t\t\tdata-wp-on-async--click=\"actions.showLightbox\"\n\t\t\tdata-wp-style--right=\"context.imageButtonRight\"\n\t\t\tdata-wp-style--top=\"context.imageButtonTop\"\n\t\t>\n\t\t\t<svg xmlns=\"http:\/\/www.w3.org\/2000\/svg\" width=\"12\" height=\"12\" fill=\"none\" viewBox=\"0 0 12 12\">\n\t\t\t\t<path fill=\"#fff\" d=\"M2 0a2 2 0 0 0-2 2v2h1.5V2a.5.5 0 0 1 .5-.5h2V0H2Zm2 10.5H2a.5.5 0 0 1-.5-.5V8H0v2a2 2 0 0 0 2 2h2v-1.5ZM8 12v-1.5h2a.5.5 0 0 0 .5-.5V8H12v2a2 2 0 0 1-2 2H8Zm2-12a2 2 0 0 1 2 2v2h-1.5V2a.5.5 0 0 0-.5-.5H8V0h2Z\" \/>\n\t\t\t<\/svg>\n\t\t<\/button><figcaption class=\"wp-element-caption\">Margareth Menezes no show baseado no DVD Para Gil e Caetano<\/figcaption><\/figure>\n\n\n\n<p>O repert\u00f3rio foi aberto com a m\u00fasica&nbsp;<em>O Quereres<\/em>&nbsp;e o p\u00fablico pode apreciar ainda a interpreta\u00e7\u00e3o da artista para&nbsp;<em>Milagres de Um Povo<\/em>,&nbsp;<em>Reconvexo<\/em>,&nbsp;<em>Purificar O Suba\u00e9<\/em>,&nbsp;<em>Clich\u00ea do Clich\u00ea<\/em>,&nbsp;<em>Refazenda<\/em>&nbsp;e&nbsp;<em>Andar Com F\u00e9<\/em>. Atendendo aos pedidos do p\u00fablico, a cantora encerrou o show cantando grandes sucessos da carreira, como&nbsp;<em>Fara\u00f3 &#8211; Divindade do Egito<\/em>&nbsp;(gravado em 1987) e&nbsp;<em>Dandalunda<\/em>&nbsp;(gravado em 2011).<\/p>\n\n\n\n<p>O show de Margareth Menezes foi realizado no Parque das Araras e atraiu grande p\u00fablico. Antes dela, apresentou-se o grupo goiano Her\u00f3is de Botequim, que tem como repert\u00f3rio o samba, em suas diversas varia\u00e7\u00f5es.<\/p>\n\n\n\n<p>Antes do show, Margareth Menezes falou sobre a import\u00e2ncia do encontro promovido pelo Instituto Federal de Goi\u00e1s. Segundo ela,o Brasil tem um hist\u00f3rico muito negativo em rela\u00e7\u00e3o \u00e0 discrimina\u00e7\u00e3o racial, apesar de 54% da popula\u00e7\u00e3o se identificar como afrodescendente ou mesti\u00e7a. Por isso, continuou, \u00e9 preciso haver uma renova\u00e7\u00e3o na educa\u00e7\u00e3o, na maneira de se fazer a escola. \u201cA educa\u00e7\u00e3o tem de ser para todos e contemplando todos, igualmente\u201d, falou.<\/p>\n\n\n\n<p><\/p>\n\n\n\n<p><strong>Grupos tradicionais<\/strong><\/p>\n\n\n\n<p>O show da noite de s\u00e1bado n\u00e3o foi a \u00fanica atra\u00e7\u00e3o cultural do \u00faltimo dia do 2\u00ba Encontro de Culturas Negras. \u00c0 tarde, foi reservada para apresenta\u00e7\u00f5es de grupos culturais tradicionais, a maioria da regi\u00e3o Norte do Estado, principalmente da cidade de Niquel\u00e2ndia. Congada, catira, maculel\u00ea e outras manifesta\u00e7\u00f5es afro-brasileiras encantaram o p\u00fablico presente.<\/p>\n\n\n\n<figure data-wp-context=\"{&quot;uploadedSrc&quot;:&quot;https:\\\/\\\/eventos.ifg.edu.br\\\/culturasnegras\\\/wp-content\\\/uploads\\\/sites\\\/60\\\/2026\\\/04\\\/congada-de-niquelandia.jpg&quot;,&quot;figureClassNames&quot;:&quot;wp-block-image aligncenter size-large is-resized&quot;,&quot;figureStyles&quot;:null,&quot;imgClassNames&quot;:&quot;wp-image-260&quot;,&quot;imgStyles&quot;:&quot;width:361px;height:auto&quot;,&quot;targetWidth&quot;:2000,&quot;targetHeight&quot;:1333,&quot;scaleAttr&quot;:false,&quot;ariaLabel&quot;:&quot;Aumentar imagem&quot;,&quot;alt&quot;:&quot;&quot;}\" data-wp-interactive=\"core\/image\" class=\"wp-block-image aligncenter size-large is-resized wp-lightbox-container\"><img decoding=\"async\" width=\"1024\" height=\"682\" data-wp-init=\"callbacks.setButtonStyles\" data-wp-on-async--click=\"actions.showLightbox\" data-wp-on-async--load=\"callbacks.setButtonStyles\" data-wp-on-async-window--resize=\"callbacks.setButtonStyles\" src=\"http:\/\/eventos.ifg.edu.br\/culturasnegras\/wp-content\/uploads\/sites\/60\/2026\/04\/congada-de-niquelandia-1024x682.jpg\" alt=\"\" class=\"wp-image-260\" style=\"width:361px;height:auto\" srcset=\"https:\/\/eventos.ifg.edu.br\/culturasnegras\/wp-content\/uploads\/sites\/60\/2026\/04\/congada-de-niquelandia-1024x682.jpg 1024w, https:\/\/eventos.ifg.edu.br\/culturasnegras\/wp-content\/uploads\/sites\/60\/2026\/04\/congada-de-niquelandia-300x200.jpg 300w, https:\/\/eventos.ifg.edu.br\/culturasnegras\/wp-content\/uploads\/sites\/60\/2026\/04\/congada-de-niquelandia-768x512.jpg 768w, https:\/\/eventos.ifg.edu.br\/culturasnegras\/wp-content\/uploads\/sites\/60\/2026\/04\/congada-de-niquelandia-1536x1024.jpg 1536w, https:\/\/eventos.ifg.edu.br\/culturasnegras\/wp-content\/uploads\/sites\/60\/2026\/04\/congada-de-niquelandia-1920x1280.jpg 1920w, https:\/\/eventos.ifg.edu.br\/culturasnegras\/wp-content\/uploads\/sites\/60\/2026\/04\/congada-de-niquelandia.jpg 2000w\" sizes=\"(max-width: 1024px) 100vw, 1024px\" \/><button\n\t\t\tclass=\"lightbox-trigger\"\n\t\t\ttype=\"button\"\n\t\t\taria-haspopup=\"dialog\"\n\t\t\taria-label=\"Aumentar imagem\"\n\t\t\tdata-wp-init=\"callbacks.initTriggerButton\"\n\t\t\tdata-wp-on-async--click=\"actions.showLightbox\"\n\t\t\tdata-wp-style--right=\"context.imageButtonRight\"\n\t\t\tdata-wp-style--top=\"context.imageButtonTop\"\n\t\t>\n\t\t\t<svg xmlns=\"http:\/\/www.w3.org\/2000\/svg\" width=\"12\" height=\"12\" fill=\"none\" viewBox=\"0 0 12 12\">\n\t\t\t\t<path fill=\"#fff\" d=\"M2 0a2 2 0 0 0-2 2v2h1.5V2a.5.5 0 0 1 .5-.5h2V0H2Zm2 10.5H2a.5.5 0 0 1-.5-.5V8H0v2a2 2 0 0 0 2 2h2v-1.5ZM8 12v-1.5h2a.5.5 0 0 0 .5-.5V8H12v2a2 2 0 0 1-2 2H8Zm2-12a2 2 0 0 1 2 2v2h-1.5V2a.5.5 0 0 0-.5-.5H8V0h2Z\" \/>\n\t\t\t<\/svg>\n\t\t<\/button><figcaption class=\"wp-element-caption\">Grupo de congada de Niquel\u00e2ndia apresentou-se \u00e0 tarde<\/figcaption><\/figure>\n\n\n\n<p><\/p>\n\n\n\n<p><em>Diretoria de Comunica\u00e7\u00e3o Social\/Reitoria.<\/em><\/p>\n\n\n\n<p><\/p>\n\n\n\n<p>Fonte: <a href=\"http:\/\/w2.ifg.edu.br\/images\/CNegras\/congada%20de%20niquelndia%208.jpg\"><\/a><\/p>\n\n\n\n<p><a href=\"https:\/\/w2.ifg.edu.br\/index.php\/component\/content\/article\/1-news\/89856\">https:\/\/w2.ifg.edu.br\/index.php\/component\/content\/article\/1-news\/89856<\/a><a href=\"http:\/\/w2.ifg.edu.br\/images\/CNegras\/show%20margareth%20menezes%2010.jpg\"><\/a><\/p>\n","protected":false},"excerpt":{"rendered":"<p>A cantora baiana Margareth Menezes fez o show de encerramento do 2\u00ba Encontro de Culturas Negas do IFG, s\u00e1bado \u00e0 noite, em Urua\u00e7u. Ela trouxe para o palco can\u00e7\u00f5es do \u00faltimo DVD,\u00a0Para Gil e Caetano, gravado neste ano, no qual homenageia os dois compositores e cantores baianos. O repert\u00f3rio foi aberto com a m\u00fasica&nbsp;O Quereres&nbsp;e [&hellip;]<\/p>\n","protected":false},"author":134,"featured_media":258,"comment_status":"closed","ping_status":"open","sticky":false,"template":"","format":"standard","meta":{"ngg_post_thumbnail":0,"footnotes":""},"categories":[1],"tags":[],"class_list":["post-257","post","type-post","status-publish","format-standard","has-post-thumbnail","hentry","category-noticias"],"_links":{"self":[{"href":"https:\/\/eventos.ifg.edu.br\/culturasnegras\/wp-json\/wp\/v2\/posts\/257"}],"collection":[{"href":"https:\/\/eventos.ifg.edu.br\/culturasnegras\/wp-json\/wp\/v2\/posts"}],"about":[{"href":"https:\/\/eventos.ifg.edu.br\/culturasnegras\/wp-json\/wp\/v2\/types\/post"}],"author":[{"embeddable":true,"href":"https:\/\/eventos.ifg.edu.br\/culturasnegras\/wp-json\/wp\/v2\/users\/134"}],"replies":[{"embeddable":true,"href":"https:\/\/eventos.ifg.edu.br\/culturasnegras\/wp-json\/wp\/v2\/comments?post=257"}],"version-history":[{"count":2,"href":"https:\/\/eventos.ifg.edu.br\/culturasnegras\/wp-json\/wp\/v2\/posts\/257\/revisions"}],"predecessor-version":[{"id":262,"href":"https:\/\/eventos.ifg.edu.br\/culturasnegras\/wp-json\/wp\/v2\/posts\/257\/revisions\/262"}],"wp:featuredmedia":[{"embeddable":true,"href":"https:\/\/eventos.ifg.edu.br\/culturasnegras\/wp-json\/wp\/v2\/media\/258"}],"wp:attachment":[{"href":"https:\/\/eventos.ifg.edu.br\/culturasnegras\/wp-json\/wp\/v2\/media?parent=257"}],"wp:term":[{"taxonomy":"category","embeddable":true,"href":"https:\/\/eventos.ifg.edu.br\/culturasnegras\/wp-json\/wp\/v2\/categories?post=257"},{"taxonomy":"post_tag","embeddable":true,"href":"https:\/\/eventos.ifg.edu.br\/culturasnegras\/wp-json\/wp\/v2\/tags?post=257"}],"curies":[{"name":"wp","href":"https:\/\/api.w.org\/{rel}","templated":true}]}}