{"id":251,"date":"2015-11-28T08:34:00","date_gmt":"2015-11-28T10:34:00","guid":{"rendered":"https:\/\/eventos.ifg.edu.br\/culturasnegras\/?p=251"},"modified":"2026-04-22T20:37:27","modified_gmt":"2026-04-22T23:37:27","slug":"oficinas-ensinam-tecnicas-e-artes-afro-brasileiras","status":"publish","type":"post","link":"https:\/\/eventos.ifg.edu.br\/culturasnegras\/2015\/11\/28\/oficinas-ensinam-tecnicas-e-artes-afro-brasileiras\/","title":{"rendered":"Oficinas ensinam t\u00e9cnicas e artes afro-brasileiras"},"content":{"rendered":"\n<p><a href=\"http:\/\/w2.ifg.edu.br\/images\/CNegras\/dsc_0394.jpg\"><\/a>Os participantes do 2\u00ba Encontro de Culturas Negras do IFG, realizado no C\u00e2mpus Urua\u00e7u, tiveram a oportunidade de entrar em contato com diversas manifesta\u00e7\u00f5es culturais populares. Nos dois primeiros dias do evento, foram 11 oficinas, ministradas por professores do IFG e por artistas convidados. Hoje, 28, encerra-se a maratona com a oficina de percuss\u00e3o iniciada ontem.<\/p>\n\n\n\n<p>A \u00faltima oficina do encontro ser\u00e1 ministrada pelo grupo musical goiano Passarinhos do Cerrado, que faz um passeio pelos ritmos afro-brasileiros.<\/p>\n\n\n\n<p>Representantes da Comunidade Quilombola Jo\u00e3o Borges Vieira prestigiaram o encontro, com oficinas de cria\u00e7\u00e3o de objetos em argila, manuseio de turbantes e t\u00e9cnicas de maquiagem. A oficina&nbsp;<em>Bonecas Negras<\/em>, da artes\u00e3 quilombola Josilane Ferreira e que faz parte do projeto Mulheres e Jovens Quilombolas Confeccionam Arte, proporcionou a produ\u00e7\u00e3o da boneca Maria Negra Quilombola.<\/p>\n\n\n\n<p>As oficinas de dan\u00e7a afro e de teatro apresentaram aos participantes novas t\u00e9cnicas de express\u00e3o, fomentando a reflex\u00e3o sobre o corpo negro e a import\u00e2ncia da inclus\u00e3o social. A cultura hip-hop tamb\u00e9m esteve presente no evento, com oficinas de composi\u00e7\u00e3o musical, discotecagem, grafite e dan\u00e7a de rua.<\/p>\n\n\n\n<p>A oficina de fotografia esclareceu d\u00favidas a respeito da arte fotogr\u00e1fica, ressaltando seu importante papel de registro e express\u00e3o das causas populares.<\/p>\n\n\n\n<p><em>Coordena\u00e7\u00e3o de Comunica\u00e7\u00e3o Social\/ C\u00e2mpus Urua\u00e7u.<\/em><\/p>\n\n\n\n<p><\/p>\n\n\n\n<p>Fonte: <a href=\"https:\/\/w2.ifg.edu.br\/index.php\/component\/content\/article\/1-news\/89852\">https:\/\/w2.ifg.edu.br\/index.php\/component\/content\/article\/1-news\/89852<\/a><\/p>\n","protected":false},"excerpt":{"rendered":"<p>Os participantes do 2\u00ba Encontro de Culturas Negras do IFG, realizado no C\u00e2mpus Urua\u00e7u, tiveram a oportunidade de entrar em contato com diversas manifesta\u00e7\u00f5es culturais populares. Nos dois primeiros dias do evento, foram 11 oficinas, ministradas por professores do IFG e por artistas convidados. Hoje, 28, encerra-se a maratona com a oficina de percuss\u00e3o iniciada [&hellip;]<\/p>\n","protected":false},"author":134,"featured_media":252,"comment_status":"closed","ping_status":"open","sticky":false,"template":"","format":"standard","meta":{"ngg_post_thumbnail":0,"footnotes":""},"categories":[1],"tags":[],"class_list":["post-251","post","type-post","status-publish","format-standard","has-post-thumbnail","hentry","category-noticias"],"_links":{"self":[{"href":"https:\/\/eventos.ifg.edu.br\/culturasnegras\/wp-json\/wp\/v2\/posts\/251"}],"collection":[{"href":"https:\/\/eventos.ifg.edu.br\/culturasnegras\/wp-json\/wp\/v2\/posts"}],"about":[{"href":"https:\/\/eventos.ifg.edu.br\/culturasnegras\/wp-json\/wp\/v2\/types\/post"}],"author":[{"embeddable":true,"href":"https:\/\/eventos.ifg.edu.br\/culturasnegras\/wp-json\/wp\/v2\/users\/134"}],"replies":[{"embeddable":true,"href":"https:\/\/eventos.ifg.edu.br\/culturasnegras\/wp-json\/wp\/v2\/comments?post=251"}],"version-history":[{"count":1,"href":"https:\/\/eventos.ifg.edu.br\/culturasnegras\/wp-json\/wp\/v2\/posts\/251\/revisions"}],"predecessor-version":[{"id":253,"href":"https:\/\/eventos.ifg.edu.br\/culturasnegras\/wp-json\/wp\/v2\/posts\/251\/revisions\/253"}],"wp:featuredmedia":[{"embeddable":true,"href":"https:\/\/eventos.ifg.edu.br\/culturasnegras\/wp-json\/wp\/v2\/media\/252"}],"wp:attachment":[{"href":"https:\/\/eventos.ifg.edu.br\/culturasnegras\/wp-json\/wp\/v2\/media?parent=251"}],"wp:term":[{"taxonomy":"category","embeddable":true,"href":"https:\/\/eventos.ifg.edu.br\/culturasnegras\/wp-json\/wp\/v2\/categories?post=251"},{"taxonomy":"post_tag","embeddable":true,"href":"https:\/\/eventos.ifg.edu.br\/culturasnegras\/wp-json\/wp\/v2\/tags?post=251"}],"curies":[{"name":"wp","href":"https:\/\/api.w.org\/{rel}","templated":true}]}}