{"id":248,"date":"2015-11-27T08:30:00","date_gmt":"2015-11-27T10:30:00","guid":{"rendered":"https:\/\/eventos.ifg.edu.br\/culturasnegras\/?p=248"},"modified":"2026-04-22T20:33:15","modified_gmt":"2026-04-22T23:33:15","slug":"peca-teatral-resgata-historias-das-culturas-negras","status":"publish","type":"post","link":"https:\/\/eventos.ifg.edu.br\/culturasnegras\/2015\/11\/27\/peca-teatral-resgata-historias-das-culturas-negras\/","title":{"rendered":"Pe\u00e7a teatral resgata hist\u00f3rias das culturas negras"},"content":{"rendered":"\n<p>A atriz e educadora Renata Caetano apresentou na tarde de hoje, 27, o espet\u00e1culo&nbsp;<em>Catol\u00e9 em terra de preto<\/em>, durante o 2\u00ba Encontro de Culturas Negras do Instituto Federal de Goi\u00e1s (IFG). &nbsp;O mon\u00f3logo, concebido e roteirizado por Renata para o p\u00fablico infanto-juvenil, resgata hist\u00f3rias e lendas do povo negro.<\/p>\n\n\n\n<p>Ap\u00f3s a apresenta\u00e7\u00e3o da pe\u00e7a, a atriz participou de uma roda de conversa, na qual explicou ao p\u00fablico como surgiu a ideia de fazer o espet\u00e1culo. \u201cEu dava aulas numa escola particular e percebia que ali s\u00f3 havia dois alunos negros e n\u00e3o se tratava da hist\u00f3ria do povo negro. Da minha ang\u00fastia surgiu a vontade de dialogar com as crian\u00e7as sobre estas quest\u00f5es\u201d, contou.<\/p>\n\n\n\n<p><em>Catol\u00e9 em terra de preto<\/em>&nbsp;conta a hist\u00f3ria de uma crian\u00e7a negra que recorda as hist\u00f3rias que seu av\u00f4 lhe contava com riquezas de detalhes e os personagens dessas hist\u00f3rias. Por isso fica evidente a valoriza\u00e7\u00e3o da tradi\u00e7\u00e3o oral, o resgate da hist\u00f3ria e o fortalecimento da cultura negra.<\/p>\n\n\n\n<p>O projeto da montagem de&nbsp;<em>Catol\u00e9 em terra de preto<\/em>&nbsp;foi aprovado pela Funarte em 2008 e recebeu o pr\u00eamio Myriam Muniz de Teatro. Em 2013, Renata conseguiu, pela Lei Goyazes, viajar pelo Estado, levando o espet\u00e1culo inclusive a comunidades quilombolas. Mas ela ressente que nunca conseguiu apresent\u00e1-lo em uma escola.<\/p>\n\n\n\n<p>A roda de conversa foi mediada pelo professor J\u00falio Van, que destacou a oralidade como a forma mais antiga de compartilhamento do saber. Da plateia tamb\u00e9m veio a observa\u00e7\u00e3o de que o espet\u00e1culo mostra a import\u00e2ncia da ancestralidade na cultura africana.<\/p>\n\n\n\n<p><em>Diretoria de Comunica\u00e7\u00e3o Social\/Reitoria.<\/em><\/p>\n\n\n\n<p><\/p>\n\n\n\n<p>Fonte: <a href=\"https:\/\/w2.ifg.edu.br\/index.php\/component\/content\/article\/1-news\/89850\">https:\/\/w2.ifg.edu.br\/index.php\/component\/content\/article\/1-news\/89850<\/a><a href=\"http:\/\/w2.ifg.edu.br\/images\/CNegras\/img_7199.jpg\"><\/a><\/p>\n","protected":false},"excerpt":{"rendered":"<p>A atriz e educadora Renata Caetano apresentou na tarde de hoje, 27, o espet\u00e1culo&nbsp;Catol\u00e9 em terra de preto, durante o 2\u00ba Encontro de Culturas Negras do Instituto Federal de Goi\u00e1s (IFG). &nbsp;O mon\u00f3logo, concebido e roteirizado por Renata para o p\u00fablico infanto-juvenil, resgata hist\u00f3rias e lendas do povo negro. Ap\u00f3s a apresenta\u00e7\u00e3o da pe\u00e7a, a [&hellip;]<\/p>\n","protected":false},"author":134,"featured_media":249,"comment_status":"closed","ping_status":"open","sticky":false,"template":"","format":"standard","meta":{"ngg_post_thumbnail":0,"footnotes":""},"categories":[1],"tags":[],"class_list":["post-248","post","type-post","status-publish","format-standard","has-post-thumbnail","hentry","category-noticias"],"_links":{"self":[{"href":"https:\/\/eventos.ifg.edu.br\/culturasnegras\/wp-json\/wp\/v2\/posts\/248"}],"collection":[{"href":"https:\/\/eventos.ifg.edu.br\/culturasnegras\/wp-json\/wp\/v2\/posts"}],"about":[{"href":"https:\/\/eventos.ifg.edu.br\/culturasnegras\/wp-json\/wp\/v2\/types\/post"}],"author":[{"embeddable":true,"href":"https:\/\/eventos.ifg.edu.br\/culturasnegras\/wp-json\/wp\/v2\/users\/134"}],"replies":[{"embeddable":true,"href":"https:\/\/eventos.ifg.edu.br\/culturasnegras\/wp-json\/wp\/v2\/comments?post=248"}],"version-history":[{"count":1,"href":"https:\/\/eventos.ifg.edu.br\/culturasnegras\/wp-json\/wp\/v2\/posts\/248\/revisions"}],"predecessor-version":[{"id":250,"href":"https:\/\/eventos.ifg.edu.br\/culturasnegras\/wp-json\/wp\/v2\/posts\/248\/revisions\/250"}],"wp:featuredmedia":[{"embeddable":true,"href":"https:\/\/eventos.ifg.edu.br\/culturasnegras\/wp-json\/wp\/v2\/media\/249"}],"wp:attachment":[{"href":"https:\/\/eventos.ifg.edu.br\/culturasnegras\/wp-json\/wp\/v2\/media?parent=248"}],"wp:term":[{"taxonomy":"category","embeddable":true,"href":"https:\/\/eventos.ifg.edu.br\/culturasnegras\/wp-json\/wp\/v2\/categories?post=248"},{"taxonomy":"post_tag","embeddable":true,"href":"https:\/\/eventos.ifg.edu.br\/culturasnegras\/wp-json\/wp\/v2\/tags?post=248"}],"curies":[{"name":"wp","href":"https:\/\/api.w.org\/{rel}","templated":true}]}}