{"id":244,"date":"2015-11-27T08:23:00","date_gmt":"2015-11-27T10:23:00","guid":{"rendered":"https:\/\/eventos.ifg.edu.br\/culturasnegras\/?p=244"},"modified":"2026-04-22T20:29:21","modified_gmt":"2026-04-22T23:29:21","slug":"dialogos-apontam-caminhos-para-uma-educacao-antirracista","status":"publish","type":"post","link":"https:\/\/eventos.ifg.edu.br\/culturasnegras\/2015\/11\/27\/dialogos-apontam-caminhos-para-uma-educacao-antirracista\/","title":{"rendered":"Di\u00e1logos apontam caminhos para uma educa\u00e7\u00e3o antirracista"},"content":{"rendered":"\n<h5 class=\"wp-block-heading\">Educadores discutiram o combate ao racismo na escola<\/h5>\n\n\n\n<p>Construir no Brasil uma educa\u00e7\u00e3o antirracista n\u00e3o \u00e9 nem pode ser uma tarefa para alguns professores negros; tem de ser uma responsabilidade de toda escola. Esta foi uma das conclus\u00f5es da mesa de di\u00e1logos Educa\u00e7\u00e3o e antirracismo no horizonte da Lei n\u00ba 10.639\/2003, realizada na manh\u00e3 de hoje, 27, dentro da programa\u00e7\u00e3o do 2\u00ba Encontro de Culturas Negras do Instituto Federal de Goi\u00e1s (IFG).<\/p>\n\n\n\n<p>Participaram da mesa de di\u00e1logos os professores Euz\u00e9bio Carvalho e Edson Arantes, da Universidade Estadual de Goi\u00e1s, Lu\u00eds Cla\u00fadio de Oliveira, da UniRio, e Roseane Ramos, do Sindicato dos Trabalhadores em Educa\u00e7\u00e3o no Estado de Goi\u00e1s (Sintego). Eles foram un\u00e2nimes em afirmar o papel da educa\u00e7\u00e3o no combate ao racismo existente no Brasil e em elogiar o Encontro de Culturas Negras promovido pelo IFG.<\/p>\n\n\n\n<p>Roseane Ramos enfatizou que \u00e9 preciso incluir o combate ao racismo nos projetos pedag\u00f3gicos das escolas e tamb\u00e9m modificar os curr\u00edculos, porque eles s\u00e3o sin\u00f4nimos de poder. Segundo ela, esse tema tem de ser tratado todos os dias nas escolas \u2013 e n\u00e3o apenas no 13 de maio e no 20 de novembro \u2013, porque o racismo n\u00e3o escolhe dia para acontecer. \u201cNa educa\u00e7\u00e3o, quem n\u00e3o est\u00e1 combatendo o racismo, n\u00e3o est\u00e1 cumprindo a LDB (Lei de Diretrizes e Bases da Educa\u00e7\u00e3o)\u201d, afirmou.<\/p>\n\n\n\n<p>O professor Lu\u00eds Cl\u00e1udio de Oliveira disse que educa\u00e7\u00e3o e antirracismo t\u00eam de andar de bra\u00e7os dados. Segundo ele, qualquer pol\u00edtica educacional n\u00e3o pode prescindir dessa reflex\u00e3o e de a\u00e7\u00f5es no espa\u00e7o educacional. \u201cNossa utopia \u00e9 que os curr\u00edculos escolares sofram as modifica\u00e7\u00f5es necess\u00e1rias para que as escolas sejam um espa\u00e7o verdadeiramente democr\u00e1tico\u201d, confessou.<\/p>\n\n\n\n<p>Antes dele, o professor Euz\u00e9bio Carvalho tratou da necessidade de se construir um sentimento de pertencimento racial e de se valorizar a imagem do negro no Brasil. J\u00e1 o professor Edson Arantes fez uma liga\u00e7\u00e3o entre combate ao racismo e reconhecimento das religi\u00f5es de matrizes africanas. Segundo ele, a espiritualidade africana \u00e9 vista, no Brasil, como demon\u00edaca, por isso as religi\u00f5es de matrizes africanas sofrem viol\u00eancias.<\/p>\n\n\n\n<p>Para o professor, n\u00e3o \u00e9 poss\u00edvel combater o racismo sem enfrentar a quest\u00e3o da religiosidade. Segundo ele, no passado foi importante o sincretismo religioso, mas atualmente \u00e9 preciso entender a religiosidade de matriz africana a partir de seus pr\u00f3prios conceitos, que est\u00e3o muito associados \u00e0 natureza.<\/p>\n\n\n\n<p><strong>Batalha<\/strong><\/p>\n\n\n\n<p>A manh\u00e3 de hoje tamb\u00e9m teve programa\u00e7\u00e3o cultural. Uma batalha de MCs animou o p\u00fablico, formado principalmente de jovens. Com muita criatividade, os MCs criaram raps abordando o racismo, a homofobia e a corrup\u00e7\u00e3o, temas escolhidos pelo p\u00fablico.<\/p>\n\n\n\n<figure data-wp-context=\"{&quot;uploadedSrc&quot;:&quot;https:\\\/\\\/eventos.ifg.edu.br\\\/culturasnegras\\\/wp-content\\\/uploads\\\/sites\\\/60\\\/2026\\\/04\\\/img_7186-scaled.jpg&quot;,&quot;figureClassNames&quot;:&quot;wp-block-image size-large&quot;,&quot;figureStyles&quot;:null,&quot;imgClassNames&quot;:&quot;wp-image-246&quot;,&quot;imgStyles&quot;:null,&quot;targetWidth&quot;:2560,&quot;targetHeight&quot;:1707,&quot;scaleAttr&quot;:false,&quot;ariaLabel&quot;:&quot;Aumentar imagem&quot;,&quot;alt&quot;:&quot;&quot;}\" data-wp-interactive=\"core\/image\" class=\"wp-block-image size-large wp-lightbox-container\"><img fetchpriority=\"high\" decoding=\"async\" width=\"1024\" height=\"683\" data-wp-init=\"callbacks.setButtonStyles\" data-wp-on-async--click=\"actions.showLightbox\" data-wp-on-async--load=\"callbacks.setButtonStyles\" data-wp-on-async-window--resize=\"callbacks.setButtonStyles\" src=\"https:\/\/eventos.ifg.edu.br\/culturasnegras\/wp-content\/uploads\/sites\/60\/2026\/04\/img_7186-1024x683.jpg\" alt=\"\" class=\"wp-image-246\" srcset=\"https:\/\/eventos.ifg.edu.br\/culturasnegras\/wp-content\/uploads\/sites\/60\/2026\/04\/img_7186-1024x683.jpg 1024w, https:\/\/eventos.ifg.edu.br\/culturasnegras\/wp-content\/uploads\/sites\/60\/2026\/04\/img_7186-300x200.jpg 300w, https:\/\/eventos.ifg.edu.br\/culturasnegras\/wp-content\/uploads\/sites\/60\/2026\/04\/img_7186-768x512.jpg 768w, https:\/\/eventos.ifg.edu.br\/culturasnegras\/wp-content\/uploads\/sites\/60\/2026\/04\/img_7186-1536x1024.jpg 1536w, https:\/\/eventos.ifg.edu.br\/culturasnegras\/wp-content\/uploads\/sites\/60\/2026\/04\/img_7186-2048x1365.jpg 2048w, https:\/\/eventos.ifg.edu.br\/culturasnegras\/wp-content\/uploads\/sites\/60\/2026\/04\/img_7186-1920x1280.jpg 1920w\" sizes=\"(max-width: 1024px) 100vw, 1024px\" \/><button\n\t\t\tclass=\"lightbox-trigger\"\n\t\t\ttype=\"button\"\n\t\t\taria-haspopup=\"dialog\"\n\t\t\taria-label=\"Aumentar imagem\"\n\t\t\tdata-wp-init=\"callbacks.initTriggerButton\"\n\t\t\tdata-wp-on-async--click=\"actions.showLightbox\"\n\t\t\tdata-wp-style--right=\"context.imageButtonRight\"\n\t\t\tdata-wp-style--top=\"context.imageButtonTop\"\n\t\t>\n\t\t\t<svg xmlns=\"http:\/\/www.w3.org\/2000\/svg\" width=\"12\" height=\"12\" fill=\"none\" viewBox=\"0 0 12 12\">\n\t\t\t\t<path fill=\"#fff\" d=\"M2 0a2 2 0 0 0-2 2v2h1.5V2a.5.5 0 0 1 .5-.5h2V0H2Zm2 10.5H2a.5.5 0 0 1-.5-.5V8H0v2a2 2 0 0 0 2 2h2v-1.5ZM8 12v-1.5h2a.5.5 0 0 0 .5-.5V8H12v2a2 2 0 0 1-2 2H8Zm2-12a2 2 0 0 1 2 2v2h-1.5V2a.5.5 0 0 0-.5-.5H8V0h2Z\" \/>\n\t\t\t<\/svg>\n\t\t<\/button><figcaption class=\"wp-element-caption\">MCs improvisam versos tem\u00e1ticos em batalha<\/figcaption><\/figure>\n\n\n\n<p><\/p>\n\n\n\n<p><\/p>\n\n\n\n<p><em>Diretoria de Comunica\u00e7\u00e3o Social\/Reitoria.<\/em><\/p>\n\n\n\n<p><\/p>\n\n\n\n<p>Fonte: <a href=\"https:\/\/w2.ifg.edu.br\/index.php\/component\/content\/article\/1-news\/89849\">https:\/\/w2.ifg.edu.br\/index.php\/component\/content\/article\/1-news\/89849<\/a><\/p>\n\n\n\n<p><a href=\"http:\/\/w2.ifg.edu.br\/images\/CNegras\/img_7175.jpg\"><\/a><\/p>\n","protected":false},"excerpt":{"rendered":"<p>Educadores discutiram o combate ao racismo na escola Construir no Brasil uma educa\u00e7\u00e3o antirracista n\u00e3o \u00e9 nem pode ser uma tarefa para alguns professores negros; tem de ser uma responsabilidade de toda escola. Esta foi uma das conclus\u00f5es da mesa de di\u00e1logos Educa\u00e7\u00e3o e antirracismo no horizonte da Lei n\u00ba 10.639\/2003, realizada na manh\u00e3 de [&hellip;]<\/p>\n","protected":false},"author":134,"featured_media":245,"comment_status":"closed","ping_status":"open","sticky":false,"template":"","format":"standard","meta":{"ngg_post_thumbnail":0,"footnotes":""},"categories":[1],"tags":[],"class_list":["post-244","post","type-post","status-publish","format-standard","has-post-thumbnail","hentry","category-noticias"],"_links":{"self":[{"href":"https:\/\/eventos.ifg.edu.br\/culturasnegras\/wp-json\/wp\/v2\/posts\/244"}],"collection":[{"href":"https:\/\/eventos.ifg.edu.br\/culturasnegras\/wp-json\/wp\/v2\/posts"}],"about":[{"href":"https:\/\/eventos.ifg.edu.br\/culturasnegras\/wp-json\/wp\/v2\/types\/post"}],"author":[{"embeddable":true,"href":"https:\/\/eventos.ifg.edu.br\/culturasnegras\/wp-json\/wp\/v2\/users\/134"}],"replies":[{"embeddable":true,"href":"https:\/\/eventos.ifg.edu.br\/culturasnegras\/wp-json\/wp\/v2\/comments?post=244"}],"version-history":[{"count":1,"href":"https:\/\/eventos.ifg.edu.br\/culturasnegras\/wp-json\/wp\/v2\/posts\/244\/revisions"}],"predecessor-version":[{"id":247,"href":"https:\/\/eventos.ifg.edu.br\/culturasnegras\/wp-json\/wp\/v2\/posts\/244\/revisions\/247"}],"wp:featuredmedia":[{"embeddable":true,"href":"https:\/\/eventos.ifg.edu.br\/culturasnegras\/wp-json\/wp\/v2\/media\/245"}],"wp:attachment":[{"href":"https:\/\/eventos.ifg.edu.br\/culturasnegras\/wp-json\/wp\/v2\/media?parent=244"}],"wp:term":[{"taxonomy":"category","embeddable":true,"href":"https:\/\/eventos.ifg.edu.br\/culturasnegras\/wp-json\/wp\/v2\/categories?post=244"},{"taxonomy":"post_tag","embeddable":true,"href":"https:\/\/eventos.ifg.edu.br\/culturasnegras\/wp-json\/wp\/v2\/tags?post=244"}],"curies":[{"name":"wp","href":"https:\/\/api.w.org\/{rel}","templated":true}]}}