{"id":240,"date":"2015-11-27T08:18:00","date_gmt":"2015-11-27T10:18:00","guid":{"rendered":"https:\/\/eventos.ifg.edu.br\/culturasnegras\/?p=240"},"modified":"2026-04-22T20:22:52","modified_gmt":"2026-04-22T23:22:52","slug":"culturas-negras-sao-celebradas-na-abertura-do-encontro-do-ifg","status":"publish","type":"post","link":"https:\/\/eventos.ifg.edu.br\/culturasnegras\/2015\/11\/27\/culturas-negras-sao-celebradas-na-abertura-do-encontro-do-ifg\/","title":{"rendered":"Culturas negras s\u00e3o celebradas na abertura do encontro do IFG"},"content":{"rendered":"\n<p>A for\u00e7a, a capacidade de luta e de resist\u00eancia, a alegria e a beleza do negro foram ressaltadas na noite de ontem, durante a abertura do 2\u00ba Encontro de Culturas Negras do Instituto Federal de Goi\u00e1s (IFG), realizada no C\u00e2mpus Urua\u00e7u. O papel que a Institui\u00e7\u00e3o tem assumido ao colocar a quest\u00e3o da diversidade \u00e9tnico-racial brasileira tamb\u00e9m foi destacado na noite que terminou com uma grande festa, comandada pelo grupo goiano Passarinhos do Cerrado, que resgata a cultura tradicional e empolga o p\u00fablico com as can\u00e7\u00f5es do coco de congada.<\/p>\n\n\n\n<p>Autoridades institucionais, municipais e estaduais prestigiaram a abertura oficial do evento. O reitor em exerc\u00edcio do IFG, professor Adelino Candido Pimenta, disse esperar que o encontro sirva para \u201cfomentar a paz e a harmonia na diversidade\u201d. Ele anunciou que na pr\u00f3xima reuni\u00e3o do Conselho Superior ser\u00e1 analisado o Regulamento da Comiss\u00e3o Permanente de Promo\u00e7\u00e3o da Igualdade Racial do IFG, elaborado pela Comiss\u00e3o Provis\u00f3ria que foi lan\u00e7ada no 1\u00ba encontro, h\u00e1 um ano. Adelino justificou a aus\u00eancia do reitor do IFG, professor Jer\u00f4nimo Rodrigues da Silva, que est\u00e1 se recuperando de uma cirurgia card\u00edaca e passa bem.<\/p>\n\n\n\n<figure data-wp-context=\"{&quot;uploadedSrc&quot;:&quot;https:\\\/\\\/eventos.ifg.edu.br\\\/culturasnegras\\\/wp-content\\\/uploads\\\/sites\\\/60\\\/2026\\\/04\\\/img_7008-scaled.jpg&quot;,&quot;figureClassNames&quot;:&quot;wp-block-image size-large&quot;,&quot;figureStyles&quot;:null,&quot;imgClassNames&quot;:&quot;wp-image-241&quot;,&quot;imgStyles&quot;:null,&quot;targetWidth&quot;:2560,&quot;targetHeight&quot;:1707,&quot;scaleAttr&quot;:false,&quot;ariaLabel&quot;:&quot;Aumentar imagem&quot;,&quot;alt&quot;:&quot;&quot;}\" data-wp-interactive=\"core\/image\" class=\"wp-block-image size-large wp-lightbox-container\"><img fetchpriority=\"high\" decoding=\"async\" width=\"1024\" height=\"683\" data-wp-init=\"callbacks.setButtonStyles\" data-wp-on-async--click=\"actions.showLightbox\" data-wp-on-async--load=\"callbacks.setButtonStyles\" data-wp-on-async-window--resize=\"callbacks.setButtonStyles\" src=\"https:\/\/eventos.ifg.edu.br\/culturasnegras\/wp-content\/uploads\/sites\/60\/2026\/04\/img_7008-1024x683.jpg\" alt=\"\" class=\"wp-image-241\" srcset=\"https:\/\/eventos.ifg.edu.br\/culturasnegras\/wp-content\/uploads\/sites\/60\/2026\/04\/img_7008-1024x683.jpg 1024w, https:\/\/eventos.ifg.edu.br\/culturasnegras\/wp-content\/uploads\/sites\/60\/2026\/04\/img_7008-300x200.jpg 300w, https:\/\/eventos.ifg.edu.br\/culturasnegras\/wp-content\/uploads\/sites\/60\/2026\/04\/img_7008-768x512.jpg 768w, https:\/\/eventos.ifg.edu.br\/culturasnegras\/wp-content\/uploads\/sites\/60\/2026\/04\/img_7008-1536x1024.jpg 1536w, https:\/\/eventos.ifg.edu.br\/culturasnegras\/wp-content\/uploads\/sites\/60\/2026\/04\/img_7008-2048x1365.jpg 2048w, https:\/\/eventos.ifg.edu.br\/culturasnegras\/wp-content\/uploads\/sites\/60\/2026\/04\/img_7008-1920x1280.jpg 1920w\" sizes=\"(max-width: 1024px) 100vw, 1024px\" \/><button\n\t\t\tclass=\"lightbox-trigger\"\n\t\t\ttype=\"button\"\n\t\t\taria-haspopup=\"dialog\"\n\t\t\taria-label=\"Aumentar imagem\"\n\t\t\tdata-wp-init=\"callbacks.initTriggerButton\"\n\t\t\tdata-wp-on-async--click=\"actions.showLightbox\"\n\t\t\tdata-wp-style--right=\"context.imageButtonRight\"\n\t\t\tdata-wp-style--top=\"context.imageButtonTop\"\n\t\t>\n\t\t\t<svg xmlns=\"http:\/\/www.w3.org\/2000\/svg\" width=\"12\" height=\"12\" fill=\"none\" viewBox=\"0 0 12 12\">\n\t\t\t\t<path fill=\"#fff\" d=\"M2 0a2 2 0 0 0-2 2v2h1.5V2a.5.5 0 0 1 .5-.5h2V0H2Zm2 10.5H2a.5.5 0 0 1-.5-.5V8H0v2a2 2 0 0 0 2 2h2v-1.5ZM8 12v-1.5h2a.5.5 0 0 0 .5-.5V8H12v2a2 2 0 0 1-2 2H8Zm2-12a2 2 0 0 1 2 2v2h-1.5V2a.5.5 0 0 0-.5-.5H8V0h2Z\" \/>\n\t\t\t<\/svg>\n\t\t<\/button><figcaption class=\"wp-element-caption\">O reitor em exerc\u00edcio pediu que o encontro sirva para a paz<\/figcaption><\/figure>\n\n\n\n<p>O pr\u00f3-reitor de Extens\u00e3o, professor Sandro Di Lima, respons\u00e1vel pela organiza\u00e7\u00e3o do encontro, afirmou que o di\u00e1logo sobre diversidade estabelecido entre o IFG e a sociedade n\u00e3o \u00e9 somente epis\u00f3dico, porque faz parte de uma agenda que coloca na esfera p\u00fablica temas necess\u00e1rios, como o combate ao racismo e o respeito \u00e0s diferen\u00e7as.<\/p>\n\n\n\n<p>Segundo o pr\u00f3-reitor, \u201c\u00e9 imposs\u00edvel falar da identidade do povo brasileiro sem falar da identidade do negro\u201d. Ele refor\u00e7ou o papel institucional no debate p\u00fablico, dizendo que a educa\u00e7\u00e3o \u00e9 um processo que ocorre por dentro e que o IFG \u00e9 uma institui\u00e7\u00e3o que trabalha permanentemente a autonomia de seus alunos.<\/p>\n\n\n\n<p><strong>Canto<\/strong><\/p>\n\n\n\n<p>A import\u00e2ncia da celebra\u00e7\u00e3o da cultura negra e da realiza\u00e7\u00e3o do evento em Urua\u00e7u foram os destaques dos pronunciamentos do diretor-geral do c\u00e2mpus, professor Leone Borges Evangelista, e da professora \u00c1dria Borges, presidente da Comiss\u00e3o Provis\u00f3ria da Promo\u00e7\u00e3o da Igualdade Racial do IFG. Leone lembrou tamb\u00e9m que a sociedade brasileira aprendeu com a elite branca a n\u00e3o reconhecer a cultura negra. \u00c1dria falou da necessidade de aten\u00e7\u00e3o permanente no cotidiano de viol\u00eancia que ainda enfrentamos e conclamou o IFG a se denegrir. \u201cDenegrir n\u00e3o \u00e9 negativo; \u00e9 enegrecer\u201d, esclareceu.<\/p>\n\n\n\n<p>A solenidade de abertura do 2\u00ba Encontro de Culturas Negras do IFG contou tamb\u00e9m com a participa\u00e7\u00e3o de Domingas de Carvalho,&nbsp; presidente da Comunidade Quilombola Jo\u00e3o Borges Vieira, de Urua\u00e7u. Ela lembrou Zumbi dos Palmares, que morreu lutando pela liberdade dos negros, e as conquistas dos \u00faltimos anos, como o reconhecimento por parte do Estado das comunidades quilombolas. Falou da alegria do povo negro, que se manifesta nos gestos, na dan\u00e7a e no canto e terminou cantando uma estrofe de uma m\u00fasica tradicional quilombola, emocionando a plateia.<\/p>\n\n\n\n<p>A abertura oficial foi precedida de atividades acad\u00eamicas e culturais durante todo o dia de ontem.De manh\u00e3, ocorreu a mostra de cinema afro, com a exibi\u00e7\u00e3o do filme&nbsp;<em>Branco sai, preto fica<\/em>. \u00c0 tarde, foi realizada a roda de conversa&nbsp;<em>Mulheres negras em Goi\u00e1s<\/em>&nbsp;e 13 oficinas, al\u00e9m da apresenta\u00e7\u00e3o da pe\u00e7a teatral&nbsp;<em>O cabra que matou as cabras<\/em>&nbsp;e de grupos de dan\u00e7a.<\/p>\n\n\n\n<p><em>Diretoria de Comunica\u00e7\u00e3o Social\/Reitoria.<\/em><\/p>\n\n\n\n<p><\/p>\n\n\n\n<p>Fonte: <a href=\"https:\/\/w2.ifg.edu.br\/index.php\/component\/content\/article\/1-news\/89846\">https:\/\/w2.ifg.edu.br\/index.php\/component\/content\/article\/1-news\/89846<\/a><\/p>\n\n\n\n<p><\/p>\n\n\n\n<p><\/p>\n\n\n\n<p><\/p>\n\n\n\n<p><\/p>\n","protected":false},"excerpt":{"rendered":"<p>A for\u00e7a, a capacidade de luta e de resist\u00eancia, a alegria e a beleza do negro foram ressaltadas na noite de ontem, durante a abertura do 2\u00ba Encontro de Culturas Negras do Instituto Federal de Goi\u00e1s (IFG), realizada no C\u00e2mpus Urua\u00e7u. O papel que a Institui\u00e7\u00e3o tem assumido ao colocar a quest\u00e3o da diversidade \u00e9tnico-racial [&hellip;]<\/p>\n","protected":false},"author":134,"featured_media":242,"comment_status":"closed","ping_status":"open","sticky":false,"template":"","format":"standard","meta":{"ngg_post_thumbnail":0,"footnotes":""},"categories":[1],"tags":[],"class_list":["post-240","post","type-post","status-publish","format-standard","has-post-thumbnail","hentry","category-noticias"],"_links":{"self":[{"href":"https:\/\/eventos.ifg.edu.br\/culturasnegras\/wp-json\/wp\/v2\/posts\/240"}],"collection":[{"href":"https:\/\/eventos.ifg.edu.br\/culturasnegras\/wp-json\/wp\/v2\/posts"}],"about":[{"href":"https:\/\/eventos.ifg.edu.br\/culturasnegras\/wp-json\/wp\/v2\/types\/post"}],"author":[{"embeddable":true,"href":"https:\/\/eventos.ifg.edu.br\/culturasnegras\/wp-json\/wp\/v2\/users\/134"}],"replies":[{"embeddable":true,"href":"https:\/\/eventos.ifg.edu.br\/culturasnegras\/wp-json\/wp\/v2\/comments?post=240"}],"version-history":[{"count":1,"href":"https:\/\/eventos.ifg.edu.br\/culturasnegras\/wp-json\/wp\/v2\/posts\/240\/revisions"}],"predecessor-version":[{"id":243,"href":"https:\/\/eventos.ifg.edu.br\/culturasnegras\/wp-json\/wp\/v2\/posts\/240\/revisions\/243"}],"wp:featuredmedia":[{"embeddable":true,"href":"https:\/\/eventos.ifg.edu.br\/culturasnegras\/wp-json\/wp\/v2\/media\/242"}],"wp:attachment":[{"href":"https:\/\/eventos.ifg.edu.br\/culturasnegras\/wp-json\/wp\/v2\/media?parent=240"}],"wp:term":[{"taxonomy":"category","embeddable":true,"href":"https:\/\/eventos.ifg.edu.br\/culturasnegras\/wp-json\/wp\/v2\/categories?post=240"},{"taxonomy":"post_tag","embeddable":true,"href":"https:\/\/eventos.ifg.edu.br\/culturasnegras\/wp-json\/wp\/v2\/tags?post=240"}],"curies":[{"name":"wp","href":"https:\/\/api.w.org\/{rel}","templated":true}]}}